{"id":214084,"date":"2025-04-05T21:17:20","date_gmt":"2025-04-05T21:17:20","guid":{"rendered":"https:\/\/rnoticias.com.mx\/Portal\/?p=214084"},"modified":"2025-04-05T21:17:20","modified_gmt":"2025-04-05T21:17:20","slug":"trabaja-gobierno-de-sonora-para-fortalecer-desarrollo-turistico-y-economico-de-la-ruta-del-rio-sonora","status":"publish","type":"post","link":"https:\/\/rnoticias.com.mx\/Portal\/2025\/04\/05\/trabaja-gobierno-de-sonora-para-fortalecer-desarrollo-turistico-y-economico-de-la-ruta-del-rio-sonora\/","title":{"rendered":"Trabaja Gobierno de Sonora para fortalecer desarrollo tur\u00edstico y econ\u00f3mico de la Ruta del R\u00edo Sonora"},"content":{"rendered":"<p>Ban\u00e1michi, Sonora; 05 de abril de 2025.- El Gobierno de Sonora, a trav\u00e9s de la Secretar\u00eda de Econom\u00eda y Turismo (Setur), llev\u00f3 a cabo importantes reuniones de trabajo en los municipios de Ban\u00e1michi y Ures con los alcaldes y representantes de la Ruta del R\u00edo Sonora, con el objetivo de establecer acuerdos y acciones que impulsen el desarrollo tur\u00edstico y econ\u00f3mico en esta regi\u00f3n.<\/p>\n<p>Durante los encuentros, se abordaron estrategias para mejorar la infraestructura tur\u00edstica, promover los atractivos naturales y culturales de la regi\u00f3n, y fomentar la colaboraci\u00f3n entre los distintos municipios que conforman la ruta. La Ruta del R\u00edo Sonora es una de las principales joyas tur\u00edsticas del estado, y el fortalecimiento de su oferta es clave para el crecimiento econ\u00f3mico de las comunidades locales.<\/p>\n<p>En estas reuniones, asistieron, en representaci\u00f3n del secretario de Econom\u00eda y Turismo de Sonora, Roberto Gradillas Pineda, la Subsecretaria de Promoci\u00f3n y Fomento Tur\u00edstico, Brenda C\u00f3rdova B\u00fazani, y el Subsecretario de Innovaci\u00f3n y Desarrollo Tur\u00edstico, Eugenio Aguirre Maldonado. Ambos funcionarios destacaron la importancia de generar un trabajo conjunto entre los gobiernos municipales y estatales para maximizar el potencial tur\u00edstico de la regi\u00f3n y crear m\u00e1s oportunidades de empleo y desarrollo econ\u00f3mico para las comunidades.<\/p>\n<p>&#8220;El compromiso de nuestro gobernador Alfonso Durazo, es impulsar el turismo responsable y sostenible en todo Sonora. La Ruta del R\u00edo Sonora tiene un gran potencial para atraer a turistas nacionales e internacionales, y con estas acciones buscamos mejorar la calidad de vida de las familias sonorenses&#8221;, expres\u00f3 C\u00f3rdova B\u00fazani.<\/p>\n<p>Las reuniones fueron un paso importante hacia la consolidaci\u00f3n de la Ruta del R\u00edo Sonora como un destino tur\u00edstico integral, promoviendo el desarrollo econ\u00f3mico y la sostenibilidad en esta maravillosa regi\u00f3n del estado.<\/p>\n","protected":false},"excerpt":{"rendered":"<p>Ban\u00e1michi, Sonora; 05 de abril de 2025.- El Gobierno de Sonora, a trav\u00e9s de la Secretar\u00eda de Econom\u00eda y Turismo (Setur), llev\u00f3 a cabo importantes reuniones de trabajo en los municipios de Ban\u00e1michi y Ures con los alcaldes y representantes de la Ruta del R\u00edo Sonora, con el objetivo de establecer acuerdos y acciones que [&hellip;]<\/p>\n","protected":false},"author":2,"featured_media":214085,"comment_status":"closed","ping_status":"closed","sticky":false,"template":"","format":"standard","meta":{"footnotes":""},"categories":[12870,174],"tags":[12865,12873],"class_list":["post-214084","post","type-post","status-publish","format-standard","has-post-thumbnail","hentry","category-destacadas","category-estatal","tag-destacadas","tag-estatal"],"jetpack_featured_media_url":"https:\/\/rnoticias.com.mx\/Portal\/wp-content\/uploads\/2025\/04\/unnamed-24.jpg","amp_enabled":true,"_links":{"self":[{"href":"https:\/\/rnoticias.com.mx\/Portal\/wp-json\/wp\/v2\/posts\/214084","targetHints":{"allow":["GET"]}}],"collection":[{"href":"https:\/\/rnoticias.com.mx\/Portal\/wp-json\/wp\/v2\/posts"}],"about":[{"href":"https:\/\/rnoticias.com.mx\/Portal\/wp-json\/wp\/v2\/types\/post"}],"author":[{"embeddable":true,"href":"https:\/\/rnoticias.com.mx\/Portal\/wp-json\/wp\/v2\/users\/2"}],"replies":[{"embeddable":true,"href":"https:\/\/rnoticias.com.mx\/Portal\/wp-json\/wp\/v2\/comments?post=214084"}],"version-history":[{"count":1,"href":"https:\/\/rnoticias.com.mx\/Portal\/wp-json\/wp\/v2\/posts\/214084\/revisions"}],"predecessor-version":[{"id":214086,"href":"https:\/\/rnoticias.com.mx\/Portal\/wp-json\/wp\/v2\/posts\/214084\/revisions\/214086"}],"wp:featuredmedia":[{"embeddable":true,"href":"https:\/\/rnoticias.com.mx\/Portal\/wp-json\/wp\/v2\/media\/214085"}],"wp:attachment":[{"href":"https:\/\/rnoticias.com.mx\/Portal\/wp-json\/wp\/v2\/media?parent=214084"}],"wp:term":[{"taxonomy":"category","embeddable":true,"href":"https:\/\/rnoticias.com.mx\/Portal\/wp-json\/wp\/v2\/categories?post=214084"},{"taxonomy":"post_tag","embeddable":true,"href":"https:\/\/rnoticias.com.mx\/Portal\/wp-json\/wp\/v2\/tags?post=214084"}],"curies":[{"name":"wp","href":"https:\/\/api.w.org\/{rel}","templated":true}]}}