{"id":214078,"date":"2025-04-05T15:42:21","date_gmt":"2025-04-05T15:42:21","guid":{"rendered":"https:\/\/rnoticias.com.mx\/Portal\/?p=214078"},"modified":"2025-04-05T15:42:21","modified_gmt":"2025-04-05T15:42:21","slug":"gobierno-de-sonora-invita-a-clase-nacional-de-boxeo-2025-en-jornada-por-la-paz-y-contra-las-adicciones","status":"publish","type":"post","link":"https:\/\/rnoticias.com.mx\/Portal\/2025\/04\/05\/gobierno-de-sonora-invita-a-clase-nacional-de-boxeo-2025-en-jornada-por-la-paz-y-contra-las-adicciones\/","title":{"rendered":"Gobierno de Sonora invita a Clase Nacional de Boxeo 2025 en jornada por la paz y contra las adicciones"},"content":{"rendered":"<p>Hermosillo, Sonora; 4 de abril de 2025.- El Gobierno de Sonora extiende una cordial invitaci\u00f3n a todas las familias sonorenses a unirse a la Clase Nacional de Boxeo 2025, que se llevar\u00e1 a cabo este domingo 6 de abril, con el prop\u00f3sito de promover la paz y luchar contra las adicciones, a trav\u00e9s del deporte.<\/p>\n<p>Con el apoyo de los ayuntamientos, la actividad se realizar\u00e1 en diversos municipios de Sonora como San Luis R\u00edo Colorado, Nogales, Puerto Pe\u00f1asco, Cajeme, Caborca y Guaymas, entre otros, a partir de las 7:00 horas y el \u00fanico requisito es portar una camiseta blanca.<\/p>\n<p>Este evento, que se perfila para ser el m\u00e1s grande de boxeo en M\u00e9xico, se llevar\u00e1 a cabo de forma simult\u00e1nea en plazas p\u00fablicas de todo el pa\u00eds, como parte de la iniciativa del Gobierno Federal, encabezada por la presidenta Claudia Sheinbaum, para promover estilos de vida saludables.<\/p>\n<p>En Hermosillo, la cita es en la Plaza Bicentenario, ubicada en las calles Comonfort y Tehuantepec, donde se transmitir\u00e1 en vivo la Clase Nacional de Boxeo desde el Z\u00f3calo de la Ciudad de M\u00e9xico, encabezada por la presidenta.<\/p>\n<p>La Clase Nacional de Boxeo es una de las acciones impulsadas por el Gobierno de M\u00e9xico, con el respaldo de las autoridades estatales, para acercar el deporte a nuestros j\u00f3venes y seguir avanzando en la construcci\u00f3n de la paz en el pa\u00eds.<\/p>\n","protected":false},"excerpt":{"rendered":"<p>Hermosillo, Sonora; 4 de abril de 2025.- El Gobierno de Sonora extiende una cordial invitaci\u00f3n a todas las familias sonorenses a unirse a la Clase Nacional de Boxeo 2025, que se llevar\u00e1 a cabo este domingo 6 de abril, con el prop\u00f3sito de promover la paz y luchar contra las adicciones, a trav\u00e9s del deporte. [&hellip;]<\/p>\n","protected":false},"author":2,"featured_media":214079,"comment_status":"closed","ping_status":"closed","sticky":false,"template":"","format":"standard","meta":{"footnotes":""},"categories":[188,12870],"tags":[5231,12865],"class_list":["post-214078","post","type-post","status-publish","format-standard","has-post-thumbnail","hentry","category-deportes","category-destacadas","tag-deportes","tag-destacadas"],"jetpack_featured_media_url":"https:\/\/rnoticias.com.mx\/Portal\/wp-content\/uploads\/2025\/04\/unnamed-23.jpg","amp_enabled":true,"_links":{"self":[{"href":"https:\/\/rnoticias.com.mx\/Portal\/wp-json\/wp\/v2\/posts\/214078","targetHints":{"allow":["GET"]}}],"collection":[{"href":"https:\/\/rnoticias.com.mx\/Portal\/wp-json\/wp\/v2\/posts"}],"about":[{"href":"https:\/\/rnoticias.com.mx\/Portal\/wp-json\/wp\/v2\/types\/post"}],"author":[{"embeddable":true,"href":"https:\/\/rnoticias.com.mx\/Portal\/wp-json\/wp\/v2\/users\/2"}],"replies":[{"embeddable":true,"href":"https:\/\/rnoticias.com.mx\/Portal\/wp-json\/wp\/v2\/comments?post=214078"}],"version-history":[{"count":1,"href":"https:\/\/rnoticias.com.mx\/Portal\/wp-json\/wp\/v2\/posts\/214078\/revisions"}],"predecessor-version":[{"id":214080,"href":"https:\/\/rnoticias.com.mx\/Portal\/wp-json\/wp\/v2\/posts\/214078\/revisions\/214080"}],"wp:featuredmedia":[{"embeddable":true,"href":"https:\/\/rnoticias.com.mx\/Portal\/wp-json\/wp\/v2\/media\/214079"}],"wp:attachment":[{"href":"https:\/\/rnoticias.com.mx\/Portal\/wp-json\/wp\/v2\/media?parent=214078"}],"wp:term":[{"taxonomy":"category","embeddable":true,"href":"https:\/\/rnoticias.com.mx\/Portal\/wp-json\/wp\/v2\/categories?post=214078"},{"taxonomy":"post_tag","embeddable":true,"href":"https:\/\/rnoticias.com.mx\/Portal\/wp-json\/wp\/v2\/tags?post=214078"}],"curies":[{"name":"wp","href":"https:\/\/api.w.org\/{rel}","templated":true}]}}