{"id":214075,"date":"2025-04-05T15:41:20","date_gmt":"2025-04-05T15:41:20","guid":{"rendered":"https:\/\/rnoticias.com.mx\/Portal\/?p=214075"},"modified":"2025-04-05T15:41:20","modified_gmt":"2025-04-05T15:41:20","slug":"madres-buscadoras-exigen-ser-escuchadas-en-el-senado","status":"publish","type":"post","link":"https:\/\/rnoticias.com.mx\/Portal\/2025\/04\/05\/madres-buscadoras-exigen-ser-escuchadas-en-el-senado\/","title":{"rendered":"Madres buscadoras exigen ser escuchadas en el Senado"},"content":{"rendered":"<p>Colectivos de b\u00fasqueda exigen a los senadores que integran la Junta de Coordinaci\u00f3n Pol\u00edtica (Jucopo) suscribir un acuerdo para convocar a los familiares de personas desaparecidas a un parlamento abierto en el que sus voces puedan ser escuchadas y tomadas en cuenta\u00a0en la discusi\u00f3n de las reformas presidenciales en la materia.<\/p>\n<p>\u201cEl Senado de la Rep\u00fablica pretende aprobar las iniciativas en materia de desaparici\u00f3n presentadas por la Presidenta Claudia Sheinbaum. Sin embargo, \u00e9stas siguen sin atender los pendientes y necesidades para hacer frente a la crisis de desapariciones\u201d, indican los integrantes de los colectivos.<\/p>\n<p><strong>La cuenta oficial de la Glorieta de los Desaparecidos, integrada por diversos colectivos de b\u00fasqueda, pidi\u00f3 a Ad\u00e1n Augusto L\u00f3pez Hern\u00e1ndez<\/strong>, senador de Morena y presidente de la Jucopo,\u00a0<strong>tomar en cuenta a las familias antes de dar prioridad al paquete de reformas para atender la crisis de desapariciones en M\u00e9xico.<\/strong><\/p>\n<p>\u201cSin las familias no\u201d, recalcan las im\u00e1genes dirigidas a los dem\u00e1s integrantes de la Jucopo, los senadores del PAN, Ricardo Anaya Cort\u00e9s y Enrique Vargas del Villar; Sasil de Le\u00f3n Villard e Ignacio Mier Velasco, de Morena; Alberto Anaya Guti\u00e9rrez, del PT; el priista Manuel A\u00f1orve Bola\u00f1os, el emecista Clemente Casta\u00f1eda y el senador del PVEM, Manuel Velasco Coello.<\/p>\n<p>Por su parte, 30 colectivos y activistas de Guanajuato demandaron espacios de participaci\u00f3n al solicitar un di\u00e1logo de alto nivel con el Poder Ejecutivo Federal y un parlamento en el Congreso de la Uni\u00f3n, previamente a la discusi\u00f3n de la reforma.<\/p>\n<p>\u201cEste ejercicio debe ser plural, sensible y adecuado a las necesidades de las familias\u201d, dijeron, para as\u00ed robustecer las propuestas que se han presentado para atender esta problem\u00e1tica. El pr\u00f3ximo mi\u00e9rcoles 9 de abril, el Senado de la Rep\u00fablica discutir\u00e1 y votar\u00e1 por la reforma enviada por la Presidenta Claudia Sheinbaum para fortalecer la b\u00fasqueda, localizaci\u00f3n e identificaci\u00f3n de personas desaparecidas.<\/p>\n<p>Se trata de modificaciones a la Ley General en Materia de Desaparici\u00f3n Forzada de Personas, Desaparici\u00f3n Cometida por Particulares y del Sistema Nacional de B\u00fasqueda de Personas y a la Ley General de Poblaci\u00f3n, en materia de fortalecimiento de b\u00fasqueda, localizaci\u00f3n e identificaci\u00f3n de personas desaparecidas.<\/p>\n<p>A pesar de la propuesta de la Mandataria federal, padres y madres buscadores, as\u00ed como colectivos y activistas, han se\u00f1alado que estas modificaciones no garantizan la b\u00fasqueda inmediata de sus desaparecidos y que muchos de los cambios son m\u00ednimos para contrarrestar la crisis de desaparici\u00f3n, que acumula por ahora m\u00e1s de 126 mil v\u00edctimas.<\/p>\n<p>Mientras tanto,\u00a0<strong>Amnist\u00eda Internacional (AI) puntualiz\u00f3 que la reforma sobre desapariciones sin la voz de las familias buscadoras es \u201cinaceptable\u201d y llam\u00f3 a que dicha normatividad sea producto de un proceso transparente en el que se garanticen verdad y justicia.<\/strong><\/p>\n<p>El organismo humanitario internacional resalt\u00f3 que esa reforma enfrenta riesgos, como posibles errores en el diagn\u00f3stico, los cambios en el Registro Nacional, dijo, podr\u00edan reducir artificialmente las cifras de desaparici\u00f3n, no se fortalecen instituciones clave ante el rezago forense, falta presupuesto para atender desapariciones y hay una posible vulneraci\u00f3n de datos biom\u00e9tricos.<\/p>\n<p>El Universal<\/p>\n<h4><strong>M\u00e9xico, en la mira de la ONU<\/strong><\/h4>\n<p>El Comit\u00e9 contra la Desaparici\u00f3n Forzada (CED\u00a0en ingl\u00e9s) de Naciones Unidas activ\u00f3 el mecanismo del art\u00edculo 34 de la Convenci\u00f3n Internacional sobre el tema, lo que podr\u00eda derivar en la intervenci\u00f3n de la Asamblea General de la ONU si se confirma que en M\u00e9xico esta pr\u00e1ctica es sistem\u00e1tica o generalizada.<\/p>\n<p><strong>El presidente del CED Olivier de Frouville afirm\u00f3 que \u201cfue en este periodo de sesiones oportunidad para centrarnos en otra situaci\u00f3n preocupante, la de M\u00e9xico\u201d.<\/strong><\/p>\n<p>\u201cLo hicimos aplicando tres procedimientos: el de acci\u00f3n urgente, art\u00edculo 30 (&#8230;) el de comunicaciones individuales del art\u00edculo 31, ya que, como indic\u00f3 el relator, adoptamos constataciones sobre la base de una comunicaci\u00f3n relativa a una desaparici\u00f3n en M\u00e9xico y tambi\u00e9n bas\u00e1ndonos en el procedimiento previsto en el art\u00edculo 34\u201d.<\/p>\n<p>Dijo que \u201cconforme este \u00faltimo, el 34, recibi\u00f3 el Comit\u00e9 informaciones, que en su opini\u00f3n, contienen informaciones fundamentadas que indican que la desaparici\u00f3n forzada se lleva a cabo de forma general o sistem\u00e1tica en el territorio que est\u00e1 bajo jurisdicci\u00f3n de M\u00e9xico\u201d.<\/p>\n<p>A\u00f1adi\u00f3 que \u201csolicit\u00f3 al Estado parte informaci\u00f3n pertinente en relaci\u00f3n con esta situaci\u00f3n esta solicitud de informaci\u00f3n se le har\u00e1 llegar durante las pr\u00f3ximas semanas al Estado parte\u201d.<\/p>\n<p><strong>Mencion\u00f3 que el \u201cComit\u00e9 tiene como objetivo mantener con el Estado cooperaci\u00f3n y di\u00e1logo constructivos para alcanzar nuestro objetivo com\u00fan que no es sino la aplicaci\u00f3n \u00edntegra de la Convenci\u00f3n\u201d.<\/strong><\/p>\n<p>&nbsp;<\/p>\n<h4><strong>La oposici\u00f3n abre las puertas de la C\u00e1mara a familiares de desaparecidos<\/strong><\/h4>\n<p>Ante el\u00a0<strong>rechazo de senadores de Morena\u00a0<\/strong>y sus aliados de realizar un parlamento abierto, colectivos de madres buscadoras acudieron ayer al Senado y se reunieron con legisladores del PAN y PRI para pedir ser escuchadas y que sus propuestas sean consideradas en la reforma presidencial.<\/p>\n<p>Senadores del PAN y del\u00a0PRI\u00a0las recibieron ante la ausencia de la presidenta de la Comisi\u00f3n de Gobernaci\u00f3n, Margarita\u00a0Vald\u00e9s, quien la v\u00edspera pidi\u00f3 a las madres que la buscaran en sus redes sociales y en su p\u00e1gina oficial.<\/p>\n<p><strong>Integrantes del colectivo Madres en Resistencia de Chiapas se reunieron por separado con la senadora del PRI Claudia Anaya Mota y con el coordinador del PAN, Ricardo Anaya.<\/strong><\/p>\n<h4><strong>Claudia Sheinbaum anuncia que Segob recibir\u00e1 a colectivos este mes<\/strong><\/h4>\n<p>La Presidenta Claudia\u00a0Sheinbaum\u00a0inform\u00f3 que la titular de Gobernaci\u00f3n (Segob), Rosa\u00a0Icela\u00a0Rodr\u00edguez, recibir\u00e1 a lo largo del mes de abril a colectivos de familiares de personas desaparecidas.<\/p>\n<p>Explic\u00f3 que de estos encuentros, indic\u00f3, saldr\u00e1n propuestas que ser\u00e1n integradas a la reforma a la Ley General en Materia y del Sistema Nacional de B\u00fasquedas de Personas y de la Ley General de Poblaci\u00f3n que envi\u00f3 al Senado.<\/p>\n<p>\u201cVarias reuniones que acordamos tener a trav\u00e9s de la Secretar\u00eda de Gobernaci\u00f3n con Colectivos de Familiares de personas Buscadoras, que tienen alg\u00fan familiar, alg\u00fan hijo desaparecido. Vamos a estar o va a estar la secretaria de Gobernaci\u00f3n (Rosa Icela Rodr\u00edguez) con todo el equipo de la Subsecretar\u00eda de Derechos Humanos reuni\u00e9ndose durante todo el mes\u201d, explic\u00f3.<\/p>\n<p><strong>La Mandataria federal revel\u00f3 que solicit\u00f3 que se aplazara la discusi\u00f3n de las iniciativas de reforma a la ley para que se pudieran agregar las propuestas de los Colectivos de Buscadores.<\/strong><\/p>\n<p>Previamente, la Presidenta hab\u00eda asegurado que \u201cen mi gobierno no habr\u00e1 construcci\u00f3n oscura de verdades hist\u00f3ricas, nunca; desde el gobierno no se tolerar\u00e1 la construcci\u00f3n de verdades a medias o falsedades\u201d. Ofreci\u00f3 el esclarecimiento de los hechos y subray\u00f3 que no permitir\u00e1 impunidad.<\/p>\n<p>&nbsp;<\/p>\n","protected":false},"excerpt":{"rendered":"<p>Colectivos de b\u00fasqueda exigen a los senadores que integran la Junta de Coordinaci\u00f3n Pol\u00edtica (Jucopo) suscribir un acuerdo para convocar a los familiares de personas desaparecidas a un parlamento abierto en el que sus voces puedan ser escuchadas y tomadas en cuenta\u00a0en la discusi\u00f3n de las reformas presidenciales en la materia. \u201cEl Senado de la [&hellip;]<\/p>\n","protected":false},"author":2,"featured_media":214076,"comment_status":"closed","ping_status":"closed","sticky":false,"template":"","format":"standard","meta":{"footnotes":""},"categories":[12870,172],"tags":[12865,12874],"class_list":["post-214075","post","type-post","status-publish","format-standard","has-post-thumbnail","hentry","category-destacadas","category-nacional","tag-destacadas","tag-nacional"],"jetpack_featured_media_url":"https:\/\/rnoticias.com.mx\/Portal\/wp-content\/uploads\/2025\/04\/ImageTransformer.jpg","amp_enabled":true,"_links":{"self":[{"href":"https:\/\/rnoticias.com.mx\/Portal\/wp-json\/wp\/v2\/posts\/214075","targetHints":{"allow":["GET"]}}],"collection":[{"href":"https:\/\/rnoticias.com.mx\/Portal\/wp-json\/wp\/v2\/posts"}],"about":[{"href":"https:\/\/rnoticias.com.mx\/Portal\/wp-json\/wp\/v2\/types\/post"}],"author":[{"embeddable":true,"href":"https:\/\/rnoticias.com.mx\/Portal\/wp-json\/wp\/v2\/users\/2"}],"replies":[{"embeddable":true,"href":"https:\/\/rnoticias.com.mx\/Portal\/wp-json\/wp\/v2\/comments?post=214075"}],"version-history":[{"count":1,"href":"https:\/\/rnoticias.com.mx\/Portal\/wp-json\/wp\/v2\/posts\/214075\/revisions"}],"predecessor-version":[{"id":214077,"href":"https:\/\/rnoticias.com.mx\/Portal\/wp-json\/wp\/v2\/posts\/214075\/revisions\/214077"}],"wp:featuredmedia":[{"embeddable":true,"href":"https:\/\/rnoticias.com.mx\/Portal\/wp-json\/wp\/v2\/media\/214076"}],"wp:attachment":[{"href":"https:\/\/rnoticias.com.mx\/Portal\/wp-json\/wp\/v2\/media?parent=214075"}],"wp:term":[{"taxonomy":"category","embeddable":true,"href":"https:\/\/rnoticias.com.mx\/Portal\/wp-json\/wp\/v2\/categories?post=214075"},{"taxonomy":"post_tag","embeddable":true,"href":"https:\/\/rnoticias.com.mx\/Portal\/wp-json\/wp\/v2\/tags?post=214075"}],"curies":[{"name":"wp","href":"https:\/\/api.w.org\/{rel}","templated":true}]}}