{"id":214072,"date":"2025-04-05T15:37:27","date_gmt":"2025-04-05T15:37:27","guid":{"rendered":"https:\/\/rnoticias.com.mx\/Portal\/?p=214072"},"modified":"2025-04-05T15:37:27","modified_gmt":"2025-04-05T15:37:27","slug":"familia-de-carlota-n-recupera-la-casa-motivo-de-dos-homicidios","status":"publish","type":"post","link":"https:\/\/rnoticias.com.mx\/Portal\/2025\/04\/05\/familia-de-carlota-n-recupera-la-casa-motivo-de-dos-homicidios\/","title":{"rendered":"Familia de Carlota &#8220;N&#8221; recupera la casa motivo de dos homicidios"},"content":{"rendered":"<p>La Fiscal\u00eda General de Justicia del Estado de M\u00e9xico inform\u00f3 que, tras una serie de investigaciones a ra\u00edz de una denuncia por despojo,\u00a0<strong>determin\u00f3 conceder la posesi\u00f3n de un inmueble a Mariana &#8220;N&#8221;, hija de\u00a0Carlota\u00a0&#8220;N&#8221;, y que fue motivo de una disputa que deriv\u00f3 en la muerte de dos\u00a0personas<\/strong>\u00a0y en la detenci\u00f3n de ambas mujeres y un masculino m\u00e1s.<\/p>\n<p>El pasado jueves 27 de marzo, un agente del Ministerio P\u00fablico del Centro de Justicia de Chalco inici\u00f3 expediente de investigaci\u00f3n por una\u00a0<strong>denuncia presentada por Mariana &#8220;N&#8221;, ya que la f\u00e9mina recibi\u00f3 una llamada la tarde de ese d\u00eda en la que fue notificada del ingreso de tres personas\u00a0a su domicilio, ubicado en calle Hacienda la Labor, en la colonia Hacienda de Guadalupe del municipio de Chalco.<\/strong><\/p>\n<p>Seg\u00fan los informes oficiales, el inmueble en disputa pertenec\u00eda a la familia de la se\u00f1ora, quien al enterarse de que estaba siendo habitado sin su consentimiento, exigi\u00f3 a las personas que desocuparan la casa.\u00a0<strong>Los presuntos inquilinos aseguraron haber alquilado la propiedad a trav\u00e9s de un portal en l\u00ednea, aunque no presentaron pruebas de tal acuerdo.<\/strong><\/p>\n<p><strong>Las personas en cuesti\u00f3n sacaron los objetos de la casa sin autorizaci\u00f3n,<\/strong>\u00a0de acuerdo a lo informado por la Fiscal\u00eda mexiquense y como parte de las indagatorias a solicitaron al gobierno municipal de Chalco las videograbaciones de las c\u00e1maras ubicadas en la zona donde ocurri\u00f3 el doble homicidio.<\/p>\n<p>&#8220;Adicionalmente expidi\u00f3 solicitud para implementar medida de protecci\u00f3n por parte de la Direcci\u00f3n de Seguridad P\u00fablica de Iztapalapa, ya que la denunciante se\u00f1al\u00f3 que su domicilio se encuentra en esa alcald\u00eda de la Ciudad de M\u00e9xico, adem\u00e1s a la Comisionada Ejecutiva de Atenci\u00f3n a V\u00edctimas del Estado de M\u00e9xico, para que le brindara atenci\u00f3n&#8221;, puntualiz\u00f3 la Fiscal\u00eda mexiquense.<\/p>\n<p>Para la ma\u00f1ana del 28 de marzo, agentes de investigaci\u00f3n realizaron una inspecci\u00f3n en el inmueble. Sin embargo, no encontraron a ninguna persona al interior, \u00fanicamente la puerta cerrada con una cadena y candado puestos.<\/p>\n<p>Mientras que para el 2 de abril, la FGJEM solicit\u00f3 al Instituto de la Funci\u00f3n Registral del Estado de M\u00e9xico (IFREM) y al catastro municipal informaci\u00f3n sobre el inmueble en disputa y este viernes 4 de abril, decidieron conceder la posesi\u00f3n a favor de Mariana &#8220;N&#8221;.<\/p>\n<p>Sin embargo,\u00a0<strong>su representante legal rechaz\u00f3 la recepci\u00f3n de la vivienda, argumentando que por el momento no era de su inter\u00e9s,<\/strong>\u00a0mismo al que lleg\u00f3 junto con su madre y hermano, para exigir a los ocupantes en ese momento que desalojaran y ante la negativa, Carlota &#8220;N&#8221;, dispar\u00f3 y caus\u00f3 la muerte de dos de ellos.<\/p>\n<p>Tanto\u00a0<strong>Carlota \u201cN\u201d como sus hijos Marina &#8220;N&#8221; y Eduardo &#8220;N&#8221; fueron trasladados la tarde de viernes a un penal ubicado en el municipio de Chalco.<\/strong><\/p>\n<p>Los tres permanec\u00edan en calidad de detenidos en la agencia del Ministerio P\u00fablico especializada en homicidios de la Fiscal\u00eda General de Justicia del Estado de M\u00e9xico desde hace 2 d\u00edas.<\/p>\n<p>Se espera que la audiencia inicial ante un juez se lleva a cabo entre el s\u00e1bado y domingo, en ella se definir\u00e1 si se califica de legal la detenci\u00f3n y, en su caso, las medidas cautelares que pueda fijar la autoridad judicial en cuanto a una posible prisi\u00f3n preventiva justificada o si llevan el proceso en libertad.<\/p>\n","protected":false},"excerpt":{"rendered":"<p>La Fiscal\u00eda General de Justicia del Estado de M\u00e9xico inform\u00f3 que, tras una serie de investigaciones a ra\u00edz de una denuncia por despojo,\u00a0determin\u00f3 conceder la posesi\u00f3n de un inmueble a Mariana &#8220;N&#8221;, hija de\u00a0Carlota\u00a0&#8220;N&#8221;, y que fue motivo de una disputa que deriv\u00f3 en la muerte de dos\u00a0personas\u00a0y en la detenci\u00f3n de ambas mujeres y [&hellip;]<\/p>\n","protected":false},"author":2,"featured_media":214073,"comment_status":"closed","ping_status":"closed","sticky":false,"template":"","format":"standard","meta":{"footnotes":""},"categories":[12870,172],"tags":[12865,12874],"class_list":["post-214072","post","type-post","status-publish","format-standard","has-post-thumbnail","hentry","category-destacadas","category-nacional","tag-destacadas","tag-nacional"],"jetpack_featured_media_url":"https:\/\/rnoticias.com.mx\/Portal\/wp-content\/uploads\/2025\/04\/quieneslaabuelacarlotalamujerquedisparoadoshombresenchalco.jpg","amp_enabled":true,"_links":{"self":[{"href":"https:\/\/rnoticias.com.mx\/Portal\/wp-json\/wp\/v2\/posts\/214072","targetHints":{"allow":["GET"]}}],"collection":[{"href":"https:\/\/rnoticias.com.mx\/Portal\/wp-json\/wp\/v2\/posts"}],"about":[{"href":"https:\/\/rnoticias.com.mx\/Portal\/wp-json\/wp\/v2\/types\/post"}],"author":[{"embeddable":true,"href":"https:\/\/rnoticias.com.mx\/Portal\/wp-json\/wp\/v2\/users\/2"}],"replies":[{"embeddable":true,"href":"https:\/\/rnoticias.com.mx\/Portal\/wp-json\/wp\/v2\/comments?post=214072"}],"version-history":[{"count":1,"href":"https:\/\/rnoticias.com.mx\/Portal\/wp-json\/wp\/v2\/posts\/214072\/revisions"}],"predecessor-version":[{"id":214074,"href":"https:\/\/rnoticias.com.mx\/Portal\/wp-json\/wp\/v2\/posts\/214072\/revisions\/214074"}],"wp:featuredmedia":[{"embeddable":true,"href":"https:\/\/rnoticias.com.mx\/Portal\/wp-json\/wp\/v2\/media\/214073"}],"wp:attachment":[{"href":"https:\/\/rnoticias.com.mx\/Portal\/wp-json\/wp\/v2\/media?parent=214072"}],"wp:term":[{"taxonomy":"category","embeddable":true,"href":"https:\/\/rnoticias.com.mx\/Portal\/wp-json\/wp\/v2\/categories?post=214072"},{"taxonomy":"post_tag","embeddable":true,"href":"https:\/\/rnoticias.com.mx\/Portal\/wp-json\/wp\/v2\/tags?post=214072"}],"curies":[{"name":"wp","href":"https:\/\/api.w.org\/{rel}","templated":true}]}}