{"id":214066,"date":"2025-04-05T15:29:53","date_gmt":"2025-04-05T15:29:53","guid":{"rendered":"https:\/\/rnoticias.com.mx\/Portal\/?p=214066"},"modified":"2025-04-05T15:29:53","modified_gmt":"2025-04-05T15:29:53","slug":"maribel-guardia-confiesa-que-teme-por-su-vida-y-responsabiliza-a-su-nuera","status":"publish","type":"post","link":"https:\/\/rnoticias.com.mx\/Portal\/2025\/04\/05\/maribel-guardia-confiesa-que-teme-por-su-vida-y-responsabiliza-a-su-nuera\/","title":{"rendered":"Maribel Guardia confiesa que teme por su vida y responsabiliza a su nuera"},"content":{"rendered":"<p>La actriz y cantante costarricense\u00a0<strong>Maribel Guardia<\/strong>\u00a0reapareci\u00f3 en el Aeropuerto Internacional de la CDMX visiblemente afectada y entre l\u00e1grimas. Ante medios\u00a0<strong>confes\u00f3 temer por su vida<\/strong>, luego de recibir amenazas que, seg\u00fan sus declaraciones, provienen de personas cercanas a<strong>\u00a0Imelda Tu\u00f1\u00f3n<\/strong>, viuda de su hijo.<\/p>\n<p>&#8220;<strong>He estado con muchas amenazas y temo por mi vida, por mi seguridad<\/strong>. De hecho, ten\u00eda miedo de que me metieran algo en el equipaje. Ya no tengo seguridad, todo mundo sabe d\u00f3nde vivo.\u00a0<strong>La verdad, tengo miedo hasta de estar en mi casa<\/strong>&#8220;, afirm\u00f3.<\/p>\n<p>La actriz asegur\u00f3 que, en caso de que algo le ocurra,<strong>\u00a0responsabiliza directamente a Imelda Tu\u00f1\u00f3n o a personas de su c\u00edrculo cercano<\/strong>. &#8220;Si algo me pasa, responsabilizo a gente cercana a la mam\u00e1 de mi nieto. Tengo miedo de que me hagan algo. Si me llega a pasar algo, quiero que quede claro que he recibido amenazas&#8221;, sentenci\u00f3.<\/p>\n<p>En medio de una creciente disputa legal con\u00a0<strong>Imelda Garza Tu\u00f1\u00f3n<\/strong>\u00a0sobre la veracidad del testamento dejado por<strong>\u00a0Juli\u00e1n Figueroa<\/strong>,\u00a0<strong>Maribel Guardia<\/strong>\u00a0fue cuestionada, ya que el abogado de la viuda ha se\u00f1alado que el documento es falso.<\/p>\n<p>Ante esto,\u00a0<strong>Maribel\u00a0rompi\u00f3 el silencio<\/strong>\u00a0y respondi\u00f3: &#8220;\u00bfPor qu\u00e9 va a ser falso?<strong>\u00a0Yo hubiera cre\u00eddo que es falso si me deja a m\u00ed la mitad del rancho o si se lo hubiera dejado a Marco<\/strong>, a una hermana, un t\u00edo,<strong>\u00a0pero se lo dej\u00f3 todo a su propio hijo<\/strong>. Juli\u00e1n\u00a0<strong>estaba casado por bienes separados\u00a0<\/strong>y yo creo que a quien quer\u00eda proteger era a su hijo&#8221;.<\/p>\n","protected":false},"excerpt":{"rendered":"<p>La actriz y cantante costarricense\u00a0Maribel Guardia\u00a0reapareci\u00f3 en el Aeropuerto Internacional de la CDMX visiblemente afectada y entre l\u00e1grimas. Ante medios\u00a0confes\u00f3 temer por su vida, luego de recibir amenazas que, seg\u00fan sus declaraciones, provienen de personas cercanas a\u00a0Imelda Tu\u00f1\u00f3n, viuda de su hijo. &#8220;He estado con muchas amenazas y temo por mi vida, por mi seguridad. [&hellip;]<\/p>\n","protected":false},"author":2,"featured_media":214067,"comment_status":"closed","ping_status":"closed","sticky":false,"template":"","format":"standard","meta":{"footnotes":""},"categories":[12870,219],"tags":[12865,12875],"class_list":["post-214066","post","type-post","status-publish","format-standard","has-post-thumbnail","hentry","category-destacadas","category-espectaculos","tag-destacadas","tag-espectaculos"],"jetpack_featured_media_url":"https:\/\/rnoticias.com.mx\/Portal\/wp-content\/uploads\/2025\/04\/Maribel-nuera-DL.jpg","amp_enabled":true,"_links":{"self":[{"href":"https:\/\/rnoticias.com.mx\/Portal\/wp-json\/wp\/v2\/posts\/214066","targetHints":{"allow":["GET"]}}],"collection":[{"href":"https:\/\/rnoticias.com.mx\/Portal\/wp-json\/wp\/v2\/posts"}],"about":[{"href":"https:\/\/rnoticias.com.mx\/Portal\/wp-json\/wp\/v2\/types\/post"}],"author":[{"embeddable":true,"href":"https:\/\/rnoticias.com.mx\/Portal\/wp-json\/wp\/v2\/users\/2"}],"replies":[{"embeddable":true,"href":"https:\/\/rnoticias.com.mx\/Portal\/wp-json\/wp\/v2\/comments?post=214066"}],"version-history":[{"count":1,"href":"https:\/\/rnoticias.com.mx\/Portal\/wp-json\/wp\/v2\/posts\/214066\/revisions"}],"predecessor-version":[{"id":214068,"href":"https:\/\/rnoticias.com.mx\/Portal\/wp-json\/wp\/v2\/posts\/214066\/revisions\/214068"}],"wp:featuredmedia":[{"embeddable":true,"href":"https:\/\/rnoticias.com.mx\/Portal\/wp-json\/wp\/v2\/media\/214067"}],"wp:attachment":[{"href":"https:\/\/rnoticias.com.mx\/Portal\/wp-json\/wp\/v2\/media?parent=214066"}],"wp:term":[{"taxonomy":"category","embeddable":true,"href":"https:\/\/rnoticias.com.mx\/Portal\/wp-json\/wp\/v2\/categories?post=214066"},{"taxonomy":"post_tag","embeddable":true,"href":"https:\/\/rnoticias.com.mx\/Portal\/wp-json\/wp\/v2\/tags?post=214066"}],"curies":[{"name":"wp","href":"https:\/\/api.w.org\/{rel}","templated":true}]}}