{"id":214005,"date":"2025-04-04T20:06:52","date_gmt":"2025-04-04T20:06:52","guid":{"rendered":"https:\/\/rnoticias.com.mx\/Portal\/?p=214005"},"modified":"2025-04-04T20:06:52","modified_gmt":"2025-04-04T20:06:52","slug":"caeran-lluvias-en-sonora-este-viernes-y-sabado-conagua","status":"publish","type":"post","link":"https:\/\/rnoticias.com.mx\/Portal\/2025\/04\/04\/caeran-lluvias-en-sonora-este-viernes-y-sabado-conagua\/","title":{"rendered":"Caer\u00e1n lluvias en Sonora este viernes y s\u00e1bado: Conagua"},"content":{"rendered":"<p>Durante este viernes y s\u00e1bado en diferentes regiones del estado de Sonora habr\u00e1 condiciones para la presencia de lluvias desde lloviznas hasta ligeras, reconoci\u00f3 la Comisi\u00f3n Nacional del Agua (Conagua).<\/p>\n<p>&nbsp;<\/p>\n<p>Gilberto Lagarda V\u00e1zquez, especialista t\u00e9cnico de Conagua en Sonora, manifest\u00f3 que debido a la suma de una vaguada polar y de una corriente en chorro, van a provocar que desde la tarde noche de este viernes, comiencen a gestarse lluvias especialmente del norte y sierra.<\/p>\n<p>&nbsp;<\/p>\n<p><strong>\u00a0\u201cHay de un 30 a un 40 por ciento de posibilidades para el norte y oriente de Sonora de lluvias ligeras a lloviznas de forma aislada y de un 30 a un 40 por ciento tambi\u00e9n para el centro del estado, tambi\u00e9n con posibilidades de lloviznas para esas zonas\u201d, cont\u00f3.<\/strong><\/p>\n<p>&nbsp;<\/p>\n<p>De la misma forma, mencion\u00f3 que hay entre un 20 a un 30 por ciento de probabilidades para la ca\u00edda de nevadas en las pr\u00f3ximas horas en las zonas m\u00e1s altas del norte y oriente de la entidad, adem\u00e1s de la presencia de rachas de vientos que promediar\u00e1n valores de los 40 hasta los 80 kil\u00f3metros por hora.<\/p>\n<p>&nbsp;<\/p>\n<p>Lagarda V\u00e1zquez, resalt\u00f3, adem\u00e1s, que ya para el d\u00eda domingo comenzar\u00e1 a darse una recuperaci\u00f3n de las temperaturas y de esa forma se hagan presentes de nuevo valores m\u00e1ximos de 35 hasta los 40 grados en la mayor parte del estado.<\/p>\n<p>&nbsp;<\/p>\n<p>&nbsp;<\/p>\n","protected":false},"excerpt":{"rendered":"<p>Durante este viernes y s\u00e1bado en diferentes regiones del estado de Sonora habr\u00e1 condiciones para la presencia de lluvias desde lloviznas hasta ligeras, reconoci\u00f3 la Comisi\u00f3n Nacional del Agua (Conagua). &nbsp; Gilberto Lagarda V\u00e1zquez, especialista t\u00e9cnico de Conagua en Sonora, manifest\u00f3 que debido a la suma de una vaguada polar y de una corriente en [&hellip;]<\/p>\n","protected":false},"author":2,"featured_media":214006,"comment_status":"closed","ping_status":"closed","sticky":false,"template":"","format":"standard","meta":{"footnotes":""},"categories":[12870,178],"tags":[12865,12869],"class_list":["post-214005","post","type-post","status-publish","format-standard","has-post-thumbnail","hentry","category-destacadas","category-local","tag-destacadas","tag-local"],"jetpack_featured_media_url":"https:\/\/rnoticias.com.mx\/Portal\/wp-content\/uploads\/2025\/04\/lluvia-43c430cc-focus-min0.35-0.44-1300-865.jpg","amp_enabled":true,"_links":{"self":[{"href":"https:\/\/rnoticias.com.mx\/Portal\/wp-json\/wp\/v2\/posts\/214005","targetHints":{"allow":["GET"]}}],"collection":[{"href":"https:\/\/rnoticias.com.mx\/Portal\/wp-json\/wp\/v2\/posts"}],"about":[{"href":"https:\/\/rnoticias.com.mx\/Portal\/wp-json\/wp\/v2\/types\/post"}],"author":[{"embeddable":true,"href":"https:\/\/rnoticias.com.mx\/Portal\/wp-json\/wp\/v2\/users\/2"}],"replies":[{"embeddable":true,"href":"https:\/\/rnoticias.com.mx\/Portal\/wp-json\/wp\/v2\/comments?post=214005"}],"version-history":[{"count":1,"href":"https:\/\/rnoticias.com.mx\/Portal\/wp-json\/wp\/v2\/posts\/214005\/revisions"}],"predecessor-version":[{"id":214007,"href":"https:\/\/rnoticias.com.mx\/Portal\/wp-json\/wp\/v2\/posts\/214005\/revisions\/214007"}],"wp:featuredmedia":[{"embeddable":true,"href":"https:\/\/rnoticias.com.mx\/Portal\/wp-json\/wp\/v2\/media\/214006"}],"wp:attachment":[{"href":"https:\/\/rnoticias.com.mx\/Portal\/wp-json\/wp\/v2\/media?parent=214005"}],"wp:term":[{"taxonomy":"category","embeddable":true,"href":"https:\/\/rnoticias.com.mx\/Portal\/wp-json\/wp\/v2\/categories?post=214005"},{"taxonomy":"post_tag","embeddable":true,"href":"https:\/\/rnoticias.com.mx\/Portal\/wp-json\/wp\/v2\/tags?post=214005"}],"curies":[{"name":"wp","href":"https:\/\/api.w.org\/{rel}","templated":true}]}}