{"id":213859,"date":"2025-04-03T23:40:13","date_gmt":"2025-04-03T23:40:13","guid":{"rendered":"https:\/\/rnoticias.com.mx\/Portal\/?p=213859"},"modified":"2025-04-03T23:40:13","modified_gmt":"2025-04-03T23:40:13","slug":"participa-iee-en-foro-distrital-para-difundir-eleccion-extraordinaria-del-poder-judicial-en-sonora","status":"publish","type":"post","link":"https:\/\/rnoticias.com.mx\/Portal\/2025\/04\/03\/participa-iee-en-foro-distrital-para-difundir-eleccion-extraordinaria-del-poder-judicial-en-sonora\/","title":{"rendered":"Participa IEE en Foro Distrital para difundir Elecci\u00f3n Extraordinaria del Poder Judicial en Sonora"},"content":{"rendered":"<p dir=\"ltr\">Con el objetivo de acercar informaci\u00f3n clave sobre la elecci\u00f3n extraordinaria del Poder Judicial, el Instituto Estatal Electoral y de Participaci\u00f3n Ciudadana (IEE Sonora), en coordinaci\u00f3n con el Instituto Nacional Electoral (INE) y la Escuela de Ciencias Sociales y Gobierno del Tecnol\u00f3gico de Monterrey, llev\u00f3 a cabo un Foro Informativo Distrital en el campus de dicha instituci\u00f3n.<\/p>\n<p dir=\"ltr\">El evento cont\u00f3 con la participaci\u00f3n del consejero presidente Nery Ru\u00edz Arvizu y Ver\u00f3nica Sandoval, Vocal Ejecutiva de la Junta Local del INE; as\u00ed como del magistrado Erick Bustamante, quien fungi\u00f3 como moderador del conversatorio.<\/p>\n<p dir=\"ltr\">En este espacio de di\u00e1logo, el Consejero Presidente destac\u00f3 la trascendencia de este proceso in\u00e9dito en el pa\u00eds, en el que la ciudadan\u00eda elegir\u00e1 jueces, juezas y magistraturas que ocupar\u00e1n el cargo por un periodo de entre ocho y diez a\u00f1os.<\/p>\n<p dir=\"ltr\">Asimismo, hizo un llamado a las y los j\u00f3venes a involucrarse en este ejercicio democr\u00e1tico, resaltando que su participaci\u00f3n es clave para fortalecer la justicia en Sonora.<\/p>\n<p dir=\"ltr\">\u201cEstos espacios de di\u00e1logo son importantes,\u00a0 la intenci\u00f3n es difundir este proceso, que est\u00e9n informados y que con toda esa informaci\u00f3n se sumen y se interesen en participar, somos un referente en este tipo de ejercicios democr\u00e1ticos\u201d, se\u00f1al\u00f3.<\/p>\n<p dir=\"ltr\">Durante el conversatorio, se abordaron temas fundamentales como las candidaturas y distritos judiciales, las caracter\u00edsticas de las boletas electorales, la operaci\u00f3n en campo y los mecanismos de observaci\u00f3n y c\u00f3mputo de votos.<\/p>\n<p dir=\"ltr\">En su intervenci\u00f3n, el Consejero Presidente enfatiz\u00f3 la coordinaci\u00f3n plena entre el instituto y el INE para garantizar una elecci\u00f3n ordenada y transparente, recordando que ambas instituciones trabajan bajo un modelo de casilla \u00fanica y un calendario electoral conjunto que contempla m\u00e1s de 300 actividades.<\/p>\n<p dir=\"ltr\">Por su parte, Ver\u00f3nica Sandoval resalt\u00f3 la importancia de la observaci\u00f3n electoral y la labor de las y los ciudadanos en la vigilancia del proceso.<\/p>\n<p dir=\"ltr\">El foro permiti\u00f3 resolver dudas y generar reflexi\u00f3n sobre la relevancia de este ejercicio democr\u00e1tico, motivando a las y los j\u00f3venes a informarse y ser parte activa del proceso electoral del 1 de julio.<\/p>\n","protected":false},"excerpt":{"rendered":"<p>Con el objetivo de acercar informaci\u00f3n clave sobre la elecci\u00f3n extraordinaria del Poder Judicial, el Instituto Estatal Electoral y de Participaci\u00f3n Ciudadana (IEE Sonora), en coordinaci\u00f3n con el Instituto Nacional Electoral (INE) y la Escuela de Ciencias Sociales y Gobierno del Tecnol\u00f3gico de Monterrey, llev\u00f3 a cabo un Foro Informativo Distrital en el campus de [&hellip;]<\/p>\n","protected":false},"author":2,"featured_media":213860,"comment_status":"closed","ping_status":"closed","sticky":false,"template":"","format":"standard","meta":{"footnotes":""},"categories":[12870,178],"tags":[12865,12869],"class_list":["post-213859","post","type-post","status-publish","format-standard","has-post-thumbnail","hentry","category-destacadas","category-local","tag-destacadas","tag-local"],"jetpack_featured_media_url":"https:\/\/rnoticias.com.mx\/Portal\/wp-content\/uploads\/2025\/04\/Foro-TEC_2.jpg","amp_enabled":true,"_links":{"self":[{"href":"https:\/\/rnoticias.com.mx\/Portal\/wp-json\/wp\/v2\/posts\/213859","targetHints":{"allow":["GET"]}}],"collection":[{"href":"https:\/\/rnoticias.com.mx\/Portal\/wp-json\/wp\/v2\/posts"}],"about":[{"href":"https:\/\/rnoticias.com.mx\/Portal\/wp-json\/wp\/v2\/types\/post"}],"author":[{"embeddable":true,"href":"https:\/\/rnoticias.com.mx\/Portal\/wp-json\/wp\/v2\/users\/2"}],"replies":[{"embeddable":true,"href":"https:\/\/rnoticias.com.mx\/Portal\/wp-json\/wp\/v2\/comments?post=213859"}],"version-history":[{"count":1,"href":"https:\/\/rnoticias.com.mx\/Portal\/wp-json\/wp\/v2\/posts\/213859\/revisions"}],"predecessor-version":[{"id":213861,"href":"https:\/\/rnoticias.com.mx\/Portal\/wp-json\/wp\/v2\/posts\/213859\/revisions\/213861"}],"wp:featuredmedia":[{"embeddable":true,"href":"https:\/\/rnoticias.com.mx\/Portal\/wp-json\/wp\/v2\/media\/213860"}],"wp:attachment":[{"href":"https:\/\/rnoticias.com.mx\/Portal\/wp-json\/wp\/v2\/media?parent=213859"}],"wp:term":[{"taxonomy":"category","embeddable":true,"href":"https:\/\/rnoticias.com.mx\/Portal\/wp-json\/wp\/v2\/categories?post=213859"},{"taxonomy":"post_tag","embeddable":true,"href":"https:\/\/rnoticias.com.mx\/Portal\/wp-json\/wp\/v2\/tags?post=213859"}],"curies":[{"name":"wp","href":"https:\/\/api.w.org\/{rel}","templated":true}]}}