{"id":213856,"date":"2025-04-03T22:56:00","date_gmt":"2025-04-03T22:56:00","guid":{"rendered":"https:\/\/rnoticias.com.mx\/Portal\/?p=213856"},"modified":"2025-04-03T22:56:00","modified_gmt":"2025-04-03T22:56:00","slug":"mexico-debe-aprovechar-el-rompimiento-del-tlc-investigador","status":"publish","type":"post","link":"https:\/\/rnoticias.com.mx\/Portal\/2025\/04\/03\/mexico-debe-aprovechar-el-rompimiento-del-tlc-investigador\/","title":{"rendered":"\u201cM\u00e9xico debe aprovechar el rompimiento del TLC\u201d: investigador"},"content":{"rendered":"<p>Con el m\u00e1s reciente anuncio del presidente de Estados Unidos, Donald Trump de imponer una bater\u00eda de aranceles que afectan a pr\u00e1cticamente a todos los socios comerciales de ese pa\u00eds, la era del libre comercio lleg\u00f3 a su fin, consider\u00f3 Humberto Garc\u00eda Jim\u00e9nez.<\/p>\n<p>&nbsp;<\/p>\n<p>El profesor investigador en temas de econom\u00eda del Colegio de la Frontera Norte Unidad Nogales, se\u00f1al\u00f3 que, aunque en este \u00faltimo anuncio sobre aranceles que dio a conocer Donald Trump este mi\u00e9rcoles y donde M\u00e9xico y Canad\u00e1 son las grandes excepciones, ello no es un impedimento para que el Tratado de Libre Comercio entre esas 3 naciones este llegando a su final.<\/p>\n<p>&nbsp;<\/p>\n<p><strong>\u00a0\u201cLo que es evidente con ese anuncio es que la era del libre comercio que dur\u00f3 aproximadamente 30 a\u00f1os, ya termino. Entonces estamos en una nueva etapa que podemos considerar de neoproteccionismo comercial. En ese sentido, los procesos de globalizaci\u00f3n que conoc\u00edamos como la liberaci\u00f3n comercial y financiera pues ya llegaron a su fin o por lo menos ya tienen otro enfoque m\u00e1s estrat\u00e9gico y geopol\u00edtico\u201d, afirm\u00f3.<\/strong><\/p>\n<p><strong>\u00a0<\/strong><\/p>\n<p>Agreg\u00f3, que, ante este nuevo panorama, M\u00e9xico debe tomar esta coyuntura como una oportunidad para sus empresas exportadoras incluyendo las maquiladoras, reorganizando sus cadenas de suministro, integrando empresas mexicanas dentro de esa cadena de valor y ayudando para que el Programa Hecho en M\u00e9xico tenga m\u00e1s incentivos para su desarrollo.<\/p>\n<p>&nbsp;<\/p>\n<p>Finalmente reconoci\u00f3, como un gran acierto por parte del gobierno que encabeza Claudia Sheinbaum la respuesta al tema arancelario con Estados Unidos con el Plan M\u00e9xico y al cual ahora se requiere darle un mayor proceso de institucionalizaci\u00f3n asi como de est\u00edmulos fiscales m\u00e1s interesantes.<\/p>\n<p>&nbsp;<\/p>\n<p><strong>\u201cToda crisis genera una oportunidad y esta no debe ser la excepci\u00f3n para M\u00e9xico, ya que debe buscar las formas de c\u00f3mo salir bien librado de este asunto y seguir apuntando a su desarrollo como naci\u00f3n\u201d, concluy\u00f3.<\/strong><\/p>\n","protected":false},"excerpt":{"rendered":"<p>Con el m\u00e1s reciente anuncio del presidente de Estados Unidos, Donald Trump de imponer una bater\u00eda de aranceles que afectan a pr\u00e1cticamente a todos los socios comerciales de ese pa\u00eds, la era del libre comercio lleg\u00f3 a su fin, consider\u00f3 Humberto Garc\u00eda Jim\u00e9nez. &nbsp; El profesor investigador en temas de econom\u00eda del Colegio de la [&hellip;]<\/p>\n","protected":false},"author":2,"featured_media":213857,"comment_status":"closed","ping_status":"closed","sticky":false,"template":"","format":"standard","meta":{"footnotes":""},"categories":[12870,174],"tags":[12865,12873],"class_list":["post-213856","post","type-post","status-publish","format-standard","has-post-thumbnail","hentry","category-destacadas","category-estatal","tag-destacadas","tag-estatal"],"jetpack_featured_media_url":"https:\/\/rnoticias.com.mx\/Portal\/wp-content\/uploads\/2025\/04\/66e44e76de297.jpeg","amp_enabled":true,"_links":{"self":[{"href":"https:\/\/rnoticias.com.mx\/Portal\/wp-json\/wp\/v2\/posts\/213856","targetHints":{"allow":["GET"]}}],"collection":[{"href":"https:\/\/rnoticias.com.mx\/Portal\/wp-json\/wp\/v2\/posts"}],"about":[{"href":"https:\/\/rnoticias.com.mx\/Portal\/wp-json\/wp\/v2\/types\/post"}],"author":[{"embeddable":true,"href":"https:\/\/rnoticias.com.mx\/Portal\/wp-json\/wp\/v2\/users\/2"}],"replies":[{"embeddable":true,"href":"https:\/\/rnoticias.com.mx\/Portal\/wp-json\/wp\/v2\/comments?post=213856"}],"version-history":[{"count":1,"href":"https:\/\/rnoticias.com.mx\/Portal\/wp-json\/wp\/v2\/posts\/213856\/revisions"}],"predecessor-version":[{"id":213858,"href":"https:\/\/rnoticias.com.mx\/Portal\/wp-json\/wp\/v2\/posts\/213856\/revisions\/213858"}],"wp:featuredmedia":[{"embeddable":true,"href":"https:\/\/rnoticias.com.mx\/Portal\/wp-json\/wp\/v2\/media\/213857"}],"wp:attachment":[{"href":"https:\/\/rnoticias.com.mx\/Portal\/wp-json\/wp\/v2\/media?parent=213856"}],"wp:term":[{"taxonomy":"category","embeddable":true,"href":"https:\/\/rnoticias.com.mx\/Portal\/wp-json\/wp\/v2\/categories?post=213856"},{"taxonomy":"post_tag","embeddable":true,"href":"https:\/\/rnoticias.com.mx\/Portal\/wp-json\/wp\/v2\/tags?post=213856"}],"curies":[{"name":"wp","href":"https:\/\/api.w.org\/{rel}","templated":true}]}}