{"id":213850,"date":"2025-04-03T22:45:18","date_gmt":"2025-04-03T22:45:18","guid":{"rendered":"https:\/\/rnoticias.com.mx\/Portal\/?p=213850"},"modified":"2025-04-03T22:45:18","modified_gmt":"2025-04-03T22:45:18","slug":"aumentan-en-sonora-reclamaciones-contra-aseguradoras-de-autos-condusef","status":"publish","type":"post","link":"https:\/\/rnoticias.com.mx\/Portal\/2025\/04\/03\/aumentan-en-sonora-reclamaciones-contra-aseguradoras-de-autos-condusef\/","title":{"rendered":"Aumentan en Sonora reclamaciones contra aseguradoras de autos: Condusef"},"content":{"rendered":"<p>&nbsp;<\/p>\n<p>La Comisi\u00f3n Nacional para la Protecci\u00f3n y Defensa de los Usuarios de Servicios Financieros (Condusef) en Sonora, reconoce que en lo que va del 2025 la principal queja en contra de aseguradoras de autos es la inconformidad con el tiempo para el pago de la indemnizaci\u00f3n.<\/p>\n<p>&nbsp;<\/p>\n<p>Blanca Alicia Rosas L\u00f3pez, titular de la Unidad de Atenci\u00f3n a Usuarios BA9 de Condusef Sonora, se\u00f1al\u00f3 que, al cierre del mes de marzo del 2025, se tienen registradas 40 reclamaciones por inconformidad con el tiempo para el pago de una indemnizaci\u00f3n en el caso de alg\u00fan siniestro con autom\u00f3viles.<\/p>\n<p>&nbsp;<\/p>\n<p><strong>\u00a0\u201cLo que quiero decirles es que si alguna persona tiene alg\u00fan problema con su aseguradora puede presentar una reclamaci\u00f3n en Condusef. \u00bfCu\u00e1l es el principal problema que tienen los usuarios? Es que se comunican a la aseguradora para dar el reporte de su siniestro o conocer el avance del mismo y no les contestan ni por tel\u00e9fono ni por correo electr\u00f3nico\u201d, dijo.<\/strong><\/p>\n<p><strong>\u00a0<\/strong><\/p>\n<p>En segundo lugar, de reclamaciones en contra de aseguradoras, mencion\u00f3, est\u00e1 la negativa en el pago de la indemnizaci\u00f3n con 32 quejas y en tercer lugar la inconformidad con el tiempo para la reparaci\u00f3n del bien afectado con 21 casos.<\/p>\n<p>&nbsp;<\/p>\n<p>En cuarto lugar, aparece la inconformidad con el monto de la indemnizaci\u00f3n con 18 casos y en quinto lugar la solicitud de cancelaci\u00f3n del contrato, p\u00f3liza no atendida o no aplicada con 15 casos al 31 de marzo pasado.<\/p>\n<p>&nbsp;<\/p>\n<p>Por \u00faltimo, recomend\u00f3 a las personas que necesiten de alg\u00fan servicio de la instituci\u00f3n en horarios de 08:30 a 16:00 horas, se pueden comunicar a los tel\u00e9fonos: (662)213 5892, (662) 2135487; tambi\u00e9n el ingresar a la p\u00e1gina <a href=\"http:\/\/www.condusef.gob.mx\">www.condusef.gob.mx<\/a> o acudir a sus instalaciones que se ubican en Dr. Pesqueira No. 170 en Prados del Centenario en la ciudad de Hermosillo.<\/p>\n","protected":false},"excerpt":{"rendered":"<p>&nbsp; La Comisi\u00f3n Nacional para la Protecci\u00f3n y Defensa de los Usuarios de Servicios Financieros (Condusef) en Sonora, reconoce que en lo que va del 2025 la principal queja en contra de aseguradoras de autos es la inconformidad con el tiempo para el pago de la indemnizaci\u00f3n. &nbsp; Blanca Alicia Rosas L\u00f3pez, titular de la [&hellip;]<\/p>\n","protected":false},"author":2,"featured_media":213851,"comment_status":"closed","ping_status":"closed","sticky":false,"template":"","format":"standard","meta":{"footnotes":""},"categories":[12870,178],"tags":[12865,12869],"class_list":["post-213850","post","type-post","status-publish","format-standard","has-post-thumbnail","hentry","category-destacadas","category-local","tag-destacadas","tag-local"],"jetpack_featured_media_url":"https:\/\/rnoticias.com.mx\/Portal\/wp-content\/uploads\/2025\/04\/car-831928_1280.webp","amp_enabled":true,"_links":{"self":[{"href":"https:\/\/rnoticias.com.mx\/Portal\/wp-json\/wp\/v2\/posts\/213850","targetHints":{"allow":["GET"]}}],"collection":[{"href":"https:\/\/rnoticias.com.mx\/Portal\/wp-json\/wp\/v2\/posts"}],"about":[{"href":"https:\/\/rnoticias.com.mx\/Portal\/wp-json\/wp\/v2\/types\/post"}],"author":[{"embeddable":true,"href":"https:\/\/rnoticias.com.mx\/Portal\/wp-json\/wp\/v2\/users\/2"}],"replies":[{"embeddable":true,"href":"https:\/\/rnoticias.com.mx\/Portal\/wp-json\/wp\/v2\/comments?post=213850"}],"version-history":[{"count":1,"href":"https:\/\/rnoticias.com.mx\/Portal\/wp-json\/wp\/v2\/posts\/213850\/revisions"}],"predecessor-version":[{"id":213852,"href":"https:\/\/rnoticias.com.mx\/Portal\/wp-json\/wp\/v2\/posts\/213850\/revisions\/213852"}],"wp:featuredmedia":[{"embeddable":true,"href":"https:\/\/rnoticias.com.mx\/Portal\/wp-json\/wp\/v2\/media\/213851"}],"wp:attachment":[{"href":"https:\/\/rnoticias.com.mx\/Portal\/wp-json\/wp\/v2\/media?parent=213850"}],"wp:term":[{"taxonomy":"category","embeddable":true,"href":"https:\/\/rnoticias.com.mx\/Portal\/wp-json\/wp\/v2\/categories?post=213850"},{"taxonomy":"post_tag","embeddable":true,"href":"https:\/\/rnoticias.com.mx\/Portal\/wp-json\/wp\/v2\/tags?post=213850"}],"curies":[{"name":"wp","href":"https:\/\/api.w.org\/{rel}","templated":true}]}}