{"id":213841,"date":"2025-04-03T20:56:09","date_gmt":"2025-04-03T20:56:09","guid":{"rendered":"https:\/\/rnoticias.com.mx\/Portal\/?p=213841"},"modified":"2025-04-03T20:56:09","modified_gmt":"2025-04-03T20:56:09","slug":"oscar-de-la-hoya-reconoce-que-quiere-hacer-las-paces-con-canelo-alvarez","status":"publish","type":"post","link":"https:\/\/rnoticias.com.mx\/Portal\/2025\/04\/03\/oscar-de-la-hoya-reconoce-que-quiere-hacer-las-paces-con-canelo-alvarez\/","title":{"rendered":"\u00d3scar de la Hoya reconoce que quiere hacer las paces con Canelo \u00c1lvarez"},"content":{"rendered":"<p><strong>El reconocido promotor de boxeo, \u00d3scar de la Hoya,<\/strong><mark>\u00a0ha expresado su deseo de reconciliarse con el campe\u00f3n mexicano Sa\u00fal &#8220;Canelo&#8221; \u00c1lvarez,\u00a0<\/mark>con quien trabaj\u00f3 durante m\u00e1s de 10 a\u00f1os. Seg\u00fan De la Hoya,\u00a0<strong>la enemistad actual entre ambos no beneficia al boxeo mexicano<\/strong>\u00a0ni al latino en general, y considera que es momento de dejar atr\u00e1s las diferencias del pasado.<\/p>\n<p>En una entrevista con el peri\u00f3dico Quequi,\u00a0<mark>De la Hoya record\u00f3 los a\u00f1os que estuvo al lado de Canelo, ayud\u00e1ndolo a alcanzar la fama y a convertirse en campe\u00f3n mundial m\u00faltiple.\u00a0<\/mark>\u201cNosotros tuvimos un momento, como se dice, muy dif\u00edcil en un tiempo.\u00a0<strong>Yo fui su promotor por 10 a\u00f1os o m\u00e1s de 10 a\u00f1os, lo ayud\u00e9 en su carrera, lo hice campe\u00f3n mundial m\u00faltiple,<\/strong>\u00a0le consegu\u00ed su bolsa m\u00e1s grande en la historia de todo el deporte a Canelo \u00c1lvarez&#8221;, dijo De la Hoya, destacando la relaci\u00f3n profesional que tuvieron.<\/p>\n<p>Sin embargo,\u00a0<mark>tras algunos desacuerdos personales, la relaci\u00f3n entre ambos termin\u00f3 de forma conflictiva<\/mark>, y desde entonces ha habido fricciones, incluso intercambiando insultos en conferencias de prensa y redes sociales. No obstante, De la Hoya asegura estar dispuesto a poner fin a esta enemistad.<\/p>\n<p><strong>\u201cLa vida es muy corta. Y especialmente porque \u00e9l siendo mexicano, yo siendo m\u00e9xico-americano, yo quiero levantar a la raza, a la gente, lo latino\u201d,<\/strong>\u00a0coment\u00f3 \u00d3scar de la Hoya,\u00a0<mark>quien subray\u00f3 la importancia de mejorar la imagen del boxeo mexicano y latino.<\/mark><\/p>\n<p><strong>De la Hoya tambi\u00e9n fue cuestionado sobre los insultos que Canelo le lanz\u00f3 en una conferencia con Jaime Mungu\u00eda<\/strong>, a lo que respondi\u00f3 con una actitud conciliatoria. \u201cNo hay problema. Yo estoy dispuesto a que mejore el boxeo, a levantar el boxeo, a levantar al mexicano, al latino. Yo estoy aqu\u00ed para ayudar&#8221;, concluy\u00f3.<\/p>\n<p><strong>El promotor reitera que su objetivo principal es colaborar para el bien del boxeo,\u00a0<\/strong>sin importar las diferencias del pasado.<\/p>\n","protected":false},"excerpt":{"rendered":"<p>El reconocido promotor de boxeo, \u00d3scar de la Hoya,\u00a0ha expresado su deseo de reconciliarse con el campe\u00f3n mexicano Sa\u00fal &#8220;Canelo&#8221; \u00c1lvarez,\u00a0con quien trabaj\u00f3 durante m\u00e1s de 10 a\u00f1os. Seg\u00fan De la Hoya,\u00a0la enemistad actual entre ambos no beneficia al boxeo mexicano\u00a0ni al latino en general, y considera que es momento de dejar atr\u00e1s las diferencias [&hellip;]<\/p>\n","protected":false},"author":2,"featured_media":213842,"comment_status":"closed","ping_status":"closed","sticky":false,"template":"","format":"standard","meta":{"footnotes":""},"categories":[188,12870],"tags":[5231,12865],"class_list":["post-213841","post","type-post","status-publish","format-standard","has-post-thumbnail","hentry","category-deportes","category-destacadas","tag-deportes","tag-destacadas"],"jetpack_featured_media_url":"https:\/\/rnoticias.com.mx\/Portal\/wp-content\/uploads\/2025\/04\/Canelo-y-Oscar-de-la-Hoya-eran-grandes-amigos.png","amp_enabled":true,"_links":{"self":[{"href":"https:\/\/rnoticias.com.mx\/Portal\/wp-json\/wp\/v2\/posts\/213841","targetHints":{"allow":["GET"]}}],"collection":[{"href":"https:\/\/rnoticias.com.mx\/Portal\/wp-json\/wp\/v2\/posts"}],"about":[{"href":"https:\/\/rnoticias.com.mx\/Portal\/wp-json\/wp\/v2\/types\/post"}],"author":[{"embeddable":true,"href":"https:\/\/rnoticias.com.mx\/Portal\/wp-json\/wp\/v2\/users\/2"}],"replies":[{"embeddable":true,"href":"https:\/\/rnoticias.com.mx\/Portal\/wp-json\/wp\/v2\/comments?post=213841"}],"version-history":[{"count":1,"href":"https:\/\/rnoticias.com.mx\/Portal\/wp-json\/wp\/v2\/posts\/213841\/revisions"}],"predecessor-version":[{"id":213843,"href":"https:\/\/rnoticias.com.mx\/Portal\/wp-json\/wp\/v2\/posts\/213841\/revisions\/213843"}],"wp:featuredmedia":[{"embeddable":true,"href":"https:\/\/rnoticias.com.mx\/Portal\/wp-json\/wp\/v2\/media\/213842"}],"wp:attachment":[{"href":"https:\/\/rnoticias.com.mx\/Portal\/wp-json\/wp\/v2\/media?parent=213841"}],"wp:term":[{"taxonomy":"category","embeddable":true,"href":"https:\/\/rnoticias.com.mx\/Portal\/wp-json\/wp\/v2\/categories?post=213841"},{"taxonomy":"post_tag","embeddable":true,"href":"https:\/\/rnoticias.com.mx\/Portal\/wp-json\/wp\/v2\/tags?post=213841"}],"curies":[{"name":"wp","href":"https:\/\/api.w.org\/{rel}","templated":true}]}}