{"id":213828,"date":"2025-04-03T20:34:38","date_gmt":"2025-04-03T20:34:38","guid":{"rendered":"https:\/\/rnoticias.com.mx\/Portal\/?p=213828"},"modified":"2025-04-03T20:34:38","modified_gmt":"2025-04-03T20:34:38","slug":"participa-alumnado-sonorense-de-secundaria-en-la-gimnasiada-mundial-de-atletismo-sec","status":"publish","type":"post","link":"https:\/\/rnoticias.com.mx\/Portal\/2025\/04\/03\/participa-alumnado-sonorense-de-secundaria-en-la-gimnasiada-mundial-de-atletismo-sec\/","title":{"rendered":"Participa alumnado sonorense de secundaria en la Gimnasiada Mundial de Atletismo: SEC"},"content":{"rendered":"<p>Navojoa, Sonora; 3 de abril de 2025. &#8211; Los j\u00f3venes atletas sonorenses Ana Ximena Morales Osuna y Fernando Valdez del Castillo, de Navojoa y Huatabampo, respectivamente, representar\u00e1n a M\u00e9xico en la Gimnasiada Mundial de Atletismo 2025, que se llevar\u00e1 a cabo del 4 al 14 de abril en Zlatibor, Serbia, anunci\u00f3 la Secretar\u00eda de Educaci\u00f3n y Cultura (SEC).<\/p>\n<p>La dependencia educativa estatal resalt\u00f3 el ejemplo de perseverancia y compromiso que representan Morales Osuna, alumna de la Secundaria T\u00e9cnica No. 5 \u201cTom\u00e1s Valdez Villegas\u201d, y Valdez del Castillo, estudiante de la Secundaria Estatal No. 17 \u201cCatalina Acosta Bernal\u201d, para las nuevas generaciones.<\/p>\n<p>Ana Ximena Morales Osuna participar\u00e1 en la justa mundialista para competir en 100 y 200 metros planos, adem\u00e1s de relevo combinado, como resultado de casi siete a\u00f1os de dedicaci\u00f3n, sacrificio y arduos entrenamientos en el \u00f3valo de la unidad deportiva \u201cFaustino F\u00e9lix Serna\u201d de la Perla del Mayo.<\/p>\n<p>Por su parte, Fernando Valdez del Castillo, quien cursa el tercer grado de secundaria, formar\u00e1 parte de los deportistas de diversos pa\u00edses que buscar\u00e1n los primeros tres lugares en lanzamiento de disco.<\/p>\n<p>El evento es organizado por la Federaci\u00f3n Internacional de Deportes Escolares (ISF, por sus siglas en ingl\u00e9s) y contar\u00e1 con la participaci\u00f3n de miles de estudiantes deportistas de todo el mundo, quienes competir\u00e1n en 25 deportes, incluidos 4 paradeportes.<\/p>\n<p>La Gimnasiada Sub-15 de la ISF, a la que asisten la alumna de segundo grado y el estudiante de tercer grado, es considerada uno de los eventos deportivos juveniles m\u00e1s importantes a nivel internacional, que celebra el atletismo, la diversidad cultural, as\u00ed como las tradiciones y talentos.<\/p>\n","protected":false},"excerpt":{"rendered":"<p>Navojoa, Sonora; 3 de abril de 2025. &#8211; Los j\u00f3venes atletas sonorenses Ana Ximena Morales Osuna y Fernando Valdez del Castillo, de Navojoa y Huatabampo, respectivamente, representar\u00e1n a M\u00e9xico en la Gimnasiada Mundial de Atletismo 2025, que se llevar\u00e1 a cabo del 4 al 14 de abril en Zlatibor, Serbia, anunci\u00f3 la Secretar\u00eda de Educaci\u00f3n [&hellip;]<\/p>\n","protected":false},"author":2,"featured_media":213829,"comment_status":"closed","ping_status":"closed","sticky":false,"template":"","format":"standard","meta":{"footnotes":""},"categories":[188],"tags":[5231],"class_list":["post-213828","post","type-post","status-publish","format-standard","has-post-thumbnail","hentry","category-deportes","tag-deportes"],"jetpack_featured_media_url":"https:\/\/rnoticias.com.mx\/Portal\/wp-content\/uploads\/2025\/04\/unna6med.jpg","amp_enabled":true,"_links":{"self":[{"href":"https:\/\/rnoticias.com.mx\/Portal\/wp-json\/wp\/v2\/posts\/213828","targetHints":{"allow":["GET"]}}],"collection":[{"href":"https:\/\/rnoticias.com.mx\/Portal\/wp-json\/wp\/v2\/posts"}],"about":[{"href":"https:\/\/rnoticias.com.mx\/Portal\/wp-json\/wp\/v2\/types\/post"}],"author":[{"embeddable":true,"href":"https:\/\/rnoticias.com.mx\/Portal\/wp-json\/wp\/v2\/users\/2"}],"replies":[{"embeddable":true,"href":"https:\/\/rnoticias.com.mx\/Portal\/wp-json\/wp\/v2\/comments?post=213828"}],"version-history":[{"count":1,"href":"https:\/\/rnoticias.com.mx\/Portal\/wp-json\/wp\/v2\/posts\/213828\/revisions"}],"predecessor-version":[{"id":213830,"href":"https:\/\/rnoticias.com.mx\/Portal\/wp-json\/wp\/v2\/posts\/213828\/revisions\/213830"}],"wp:featuredmedia":[{"embeddable":true,"href":"https:\/\/rnoticias.com.mx\/Portal\/wp-json\/wp\/v2\/media\/213829"}],"wp:attachment":[{"href":"https:\/\/rnoticias.com.mx\/Portal\/wp-json\/wp\/v2\/media?parent=213828"}],"wp:term":[{"taxonomy":"category","embeddable":true,"href":"https:\/\/rnoticias.com.mx\/Portal\/wp-json\/wp\/v2\/categories?post=213828"},{"taxonomy":"post_tag","embeddable":true,"href":"https:\/\/rnoticias.com.mx\/Portal\/wp-json\/wp\/v2\/tags?post=213828"}],"curies":[{"name":"wp","href":"https:\/\/api.w.org\/{rel}","templated":true}]}}