{"id":213825,"date":"2025-04-03T20:33:03","date_gmt":"2025-04-03T20:33:03","guid":{"rendered":"https:\/\/rnoticias.com.mx\/Portal\/?p=213825"},"modified":"2025-04-03T20:33:03","modified_gmt":"2025-04-03T20:33:03","slug":"van-alumnos-de-cobach-sonora-por-cuarta-medalla-de-oro-con-la-seleccion-sonorense-de-voleibol","status":"publish","type":"post","link":"https:\/\/rnoticias.com.mx\/Portal\/2025\/04\/03\/van-alumnos-de-cobach-sonora-por-cuarta-medalla-de-oro-con-la-seleccion-sonorense-de-voleibol\/","title":{"rendered":"Van alumnos de Cobach Sonora por cuarta medalla de oro con la selecci\u00f3n sonorense de voleibol"},"content":{"rendered":"<p>Hermosillo, Sonora; 3 de abril de 2025.- Alumnos del Colegio de Bachilleres del Estado de Sonora (Cobach) tienen como objetivo obtener la cuarta medalla de oro con la selecci\u00f3n sonorense de voleibol de sala en la pr\u00f3xima Olimpiada Nacional 2025, que se llevar\u00e1 a cabo del 18 al 23 de mayo en Colima, y continuar con una historia de \u00e9xito en el deporte, se\u00f1al\u00f3 Rodrigo Arturo Rosas Burgos.<\/p>\n<p>El director general del Cobach destac\u00f3 que Carlos Abraham Grajeda Valenzuela y Diego Armando Espinoza Valenzuela, estudiantes del plantel Puerto Pe\u00f1asco, integran la selecci\u00f3n Juvenil Menor que clasific\u00f3 en el Macro Regional Zona \u201cA\u201d de Voleibol de Sala en Hermosillo, el pasado fin de semana, con un r\u00e9cord de 4-0 y obtuvo el pase a la etapa nacional.<\/p>\n<p>Coment\u00f3 que para Carlos Abraham y Diego es la cuarta vez que participan con la selecci\u00f3n de Sonora: en 2022 y 2023 (en la categor\u00eda Infantil Mayor), y en 2024 y ahora en 2025 (en la categor\u00eda Juvenil Menor), donde han obtenido medalla de oro durante tres a\u00f1os consecutivos y buscan la cuarta presea. Adem\u00e1s, resalt\u00f3 que cinco de los 12 jugadores de la selecci\u00f3n son del Cobach.<\/p>\n<p>En el equipo tambi\u00e9n se encuentran los estudiantes Orlando Bando Valenzuela (del plantel Eusebio Francisco Kino de Magdalena), quien participa por tercera vez con la selecci\u00f3n y gan\u00f3 medalla de oro en 2022 y 2023; Marco Antonio Jaramillo Villalobos (del plantel Plutarco El\u00edas Calles de Agua Prieta); y Alex Leobardo Olivas Mend\u00edvil (del plantel Etchojoa), quien busca su segunda medalla de oro.<\/p>\n<p>Carlos Grajeda, entrenador de los estudiantes del Cobach en Puerto Pe\u00f1asco y auxiliar de la selecci\u00f3n sonorense, se\u00f1al\u00f3 que se tienen grandes expectativas para el pr\u00f3ximo nacional: \u201cEl objetivo es conseguir la cuarta medalla de oro nacional en voleibol de sala para la selecci\u00f3n de Sonora\u201d, luego de que lograron hacer historia al obtener la primera medalla de oro en 2022, y refrendarla en 2023 y 2024.<\/p>\n","protected":false},"excerpt":{"rendered":"<p>Hermosillo, Sonora; 3 de abril de 2025.- Alumnos del Colegio de Bachilleres del Estado de Sonora (Cobach) tienen como objetivo obtener la cuarta medalla de oro con la selecci\u00f3n sonorense de voleibol de sala en la pr\u00f3xima Olimpiada Nacional 2025, que se llevar\u00e1 a cabo del 18 al 23 de mayo en Colima, y continuar [&hellip;]<\/p>\n","protected":false},"author":2,"featured_media":213826,"comment_status":"closed","ping_status":"closed","sticky":false,"template":"","format":"standard","meta":{"footnotes":""},"categories":[188],"tags":[5231],"class_list":["post-213825","post","type-post","status-publish","format-standard","has-post-thumbnail","hentry","category-deportes","tag-deportes"],"jetpack_featured_media_url":"https:\/\/rnoticias.com.mx\/Portal\/wp-content\/uploads\/2025\/04\/unnamed-15.jpg","amp_enabled":true,"_links":{"self":[{"href":"https:\/\/rnoticias.com.mx\/Portal\/wp-json\/wp\/v2\/posts\/213825","targetHints":{"allow":["GET"]}}],"collection":[{"href":"https:\/\/rnoticias.com.mx\/Portal\/wp-json\/wp\/v2\/posts"}],"about":[{"href":"https:\/\/rnoticias.com.mx\/Portal\/wp-json\/wp\/v2\/types\/post"}],"author":[{"embeddable":true,"href":"https:\/\/rnoticias.com.mx\/Portal\/wp-json\/wp\/v2\/users\/2"}],"replies":[{"embeddable":true,"href":"https:\/\/rnoticias.com.mx\/Portal\/wp-json\/wp\/v2\/comments?post=213825"}],"version-history":[{"count":1,"href":"https:\/\/rnoticias.com.mx\/Portal\/wp-json\/wp\/v2\/posts\/213825\/revisions"}],"predecessor-version":[{"id":213827,"href":"https:\/\/rnoticias.com.mx\/Portal\/wp-json\/wp\/v2\/posts\/213825\/revisions\/213827"}],"wp:featuredmedia":[{"embeddable":true,"href":"https:\/\/rnoticias.com.mx\/Portal\/wp-json\/wp\/v2\/media\/213826"}],"wp:attachment":[{"href":"https:\/\/rnoticias.com.mx\/Portal\/wp-json\/wp\/v2\/media?parent=213825"}],"wp:term":[{"taxonomy":"category","embeddable":true,"href":"https:\/\/rnoticias.com.mx\/Portal\/wp-json\/wp\/v2\/categories?post=213825"},{"taxonomy":"post_tag","embeddable":true,"href":"https:\/\/rnoticias.com.mx\/Portal\/wp-json\/wp\/v2\/tags?post=213825"}],"curies":[{"name":"wp","href":"https:\/\/api.w.org\/{rel}","templated":true}]}}