{"id":213822,"date":"2025-04-03T20:29:55","date_gmt":"2025-04-03T20:29:55","guid":{"rendered":"https:\/\/rnoticias.com.mx\/Portal\/?p=213822"},"modified":"2025-04-03T20:29:55","modified_gmt":"2025-04-03T20:29:55","slug":"gobierno-de-sonora-se-suma-al-evento-de-box-mas-grande-de-mexico-froylan-gamez","status":"publish","type":"post","link":"https:\/\/rnoticias.com.mx\/Portal\/2025\/04\/03\/gobierno-de-sonora-se-suma-al-evento-de-box-mas-grande-de-mexico-froylan-gamez\/","title":{"rendered":"Gobierno de Sonora se suma al evento de box m\u00e1s grande de M\u00e9xico: Froyl\u00e1n G\u00e1mez"},"content":{"rendered":"<p>Hermosillo, Sonora; 3 de abril de 2025.- Con el respaldo del gobernador Alfonso Durazo, el Gobierno de Sonora participar\u00e1 en la Clase Nacional de Boxeo, que se llevar\u00e1 a cabo el domingo 6 de abril en plazas p\u00fablicas de todo el pa\u00eds, como parte de la estrategia impulsada por la presidenta Claudia Sheinbaum para ofrecer a las nuevas generaciones alternativas que les permitan adoptar estilos de vida saludables, destac\u00f3 Froyl\u00e1n G\u00e1mez Gamboa.<\/p>\n<p>El titular de la Secretar\u00eda de Educaci\u00f3n y Cultura (SEC) indic\u00f3 que la actividad tambi\u00e9n tiene como objetivo acercar el deporte a las y los j\u00f3venes, adem\u00e1s de avanzar en la construcci\u00f3n de la paz, en l\u00ednea con el eje de Atenci\u00f3n a las Causas de la Estrategia Nacional de Seguridad.<\/p>\n<p>En Hermosillo, a\u00f1adi\u00f3, la invitaci\u00f3n es para asistir a las 7:00 horas en la Plaza Bicentenario, ubicada en las calles Comonfort y Tehuantepec, donde se transmitir\u00e1 en vivo la Clase Nacional de Boxeo desde el Z\u00f3calo de la Ciudad de M\u00e9xico.<\/p>\n<p>G\u00e1mez Gamboa se\u00f1al\u00f3 que, con el apoyo de los ayuntamientos, la actividad se llevar\u00e1 a cabo tambi\u00e9n en municipios como San Luis R\u00edo Colorado, Nogales, Puerto Pe\u00f1asco, Cajeme, Caborca y Guaymas, entre otros.<\/p>\n<p>Los eventos ser\u00e1n gratuitos y estar\u00e1n abiertos a todas las familias, con el \u00fanico requisito de portar una camiseta blanca como parte de la jornada por la paz y contra las adicciones.<\/p>\n","protected":false},"excerpt":{"rendered":"<p>Hermosillo, Sonora; 3 de abril de 2025.- Con el respaldo del gobernador Alfonso Durazo, el Gobierno de Sonora participar\u00e1 en la Clase Nacional de Boxeo, que se llevar\u00e1 a cabo el domingo 6 de abril en plazas p\u00fablicas de todo el pa\u00eds, como parte de la estrategia impulsada por la presidenta Claudia Sheinbaum para ofrecer [&hellip;]<\/p>\n","protected":false},"author":2,"featured_media":213823,"comment_status":"closed","ping_status":"closed","sticky":false,"template":"","format":"standard","meta":{"footnotes":""},"categories":[188,178],"tags":[5231,12869],"class_list":["post-213822","post","type-post","status-publish","format-standard","has-post-thumbnail","hentry","category-deportes","category-local","tag-deportes","tag-local"],"jetpack_featured_media_url":"https:\/\/rnoticias.com.mx\/Portal\/wp-content\/uploads\/2025\/04\/unnamed-1-8.jpg","amp_enabled":true,"_links":{"self":[{"href":"https:\/\/rnoticias.com.mx\/Portal\/wp-json\/wp\/v2\/posts\/213822","targetHints":{"allow":["GET"]}}],"collection":[{"href":"https:\/\/rnoticias.com.mx\/Portal\/wp-json\/wp\/v2\/posts"}],"about":[{"href":"https:\/\/rnoticias.com.mx\/Portal\/wp-json\/wp\/v2\/types\/post"}],"author":[{"embeddable":true,"href":"https:\/\/rnoticias.com.mx\/Portal\/wp-json\/wp\/v2\/users\/2"}],"replies":[{"embeddable":true,"href":"https:\/\/rnoticias.com.mx\/Portal\/wp-json\/wp\/v2\/comments?post=213822"}],"version-history":[{"count":1,"href":"https:\/\/rnoticias.com.mx\/Portal\/wp-json\/wp\/v2\/posts\/213822\/revisions"}],"predecessor-version":[{"id":213824,"href":"https:\/\/rnoticias.com.mx\/Portal\/wp-json\/wp\/v2\/posts\/213822\/revisions\/213824"}],"wp:featuredmedia":[{"embeddable":true,"href":"https:\/\/rnoticias.com.mx\/Portal\/wp-json\/wp\/v2\/media\/213823"}],"wp:attachment":[{"href":"https:\/\/rnoticias.com.mx\/Portal\/wp-json\/wp\/v2\/media?parent=213822"}],"wp:term":[{"taxonomy":"category","embeddable":true,"href":"https:\/\/rnoticias.com.mx\/Portal\/wp-json\/wp\/v2\/categories?post=213822"},{"taxonomy":"post_tag","embeddable":true,"href":"https:\/\/rnoticias.com.mx\/Portal\/wp-json\/wp\/v2\/tags?post=213822"}],"curies":[{"name":"wp","href":"https:\/\/api.w.org\/{rel}","templated":true}]}}