{"id":213813,"date":"2025-04-03T19:06:17","date_gmt":"2025-04-03T19:06:17","guid":{"rendered":"https:\/\/rnoticias.com.mx\/Portal\/?p=213813"},"modified":"2025-04-03T19:06:17","modified_gmt":"2025-04-03T19:06:17","slug":"marko-rompe-el-silencio-sobre-posible-llegada-de-checo-a-cadillac","status":"publish","type":"post","link":"https:\/\/rnoticias.com.mx\/Portal\/2025\/04\/03\/marko-rompe-el-silencio-sobre-posible-llegada-de-checo-a-cadillac\/","title":{"rendered":"Marko rompe el silencio sobre posible llegada de \u201cCheco\u201d a Cadillac"},"content":{"rendered":"<p>El volante mexicano,\u00a0<strong>Sergio P\u00e9rez<\/strong>, es una de las opciones que el naciente equipo de Cadillac tiene contempladas para el 2026. Y para el asesor de Red Bull, Helmut Marko, es una buena idea que \u201cCheco\u201d llegue a \u00e9l; siempre y cuando haya superado la \u201cpresi\u00f3n\u201d que sent\u00eda al ser excompa\u00f1ero del tetracampe\u00f3n del mundo, Max Verstappen.<\/p>\n<p>Para el consejero de la escuder\u00eda austriaca, el regreso de P\u00e9rez es viable\u00a0<strong><em>\u201csi est\u00e1 motivado\u201d<\/em>.<\/strong>\u00a0Estas condiciones las puso al momento de ser cuestionado sobre qu\u00e9 opina respecto al futuro del mexicano.<\/p>\n<p><strong><em>\u201cSi se ha recuperado de la presi\u00f3n de Verstappen y est\u00e1 muy motivado, entonces s\u00ed. Es muy popular en Am\u00e9rica Latina y no hay que olvidar eso. Acabo de hablar con \u00e9l por tel\u00e9fono y est\u00e1 de buen humor y disfrutando de la vida. Necesitar\u00e1n un piloto con experiencia\u201d,<\/em><\/strong>\u00a0platic\u00f3 para los micr\u00f3fonos del medio austriaco Kleine Zeitung.<\/p>\n<div id=\"eldia-4094582918\" class=\"eldia-contenido eldia-target\" data-eldia-trackid=\"1573641\" data-eldia-trackbid=\"1\"><\/div>\n<p>As\u00ed como reconoci\u00f3 que sostuvo una llamada telef\u00f3nica con \u00e9l, tambi\u00e9n destac\u00f3 la intenci\u00f3n que tiene Cadillac de recuperar su imagen.<\/p>\n<p><strong><em>\u201cCuando uno de los fabricantes de coches m\u00e1s grandes del mundo, con una marca tan tradicional, entra en la F\u00f3rmula 1, siempre es una situaci\u00f3n en la que todos ganan. Cuando era joven, un Cadillac era el coche de mis sue\u00f1os, y ahora quieren recuperarse y mejorar su imagen en este deporte\u201d,<\/em><\/strong>\u00a0finaliz\u00f3 Marko.<\/p>\n<p><strong>\u201cCheco\u201d P\u00e9rez s\u00ed es una de las opciones que Cadillac tiene contempladas<\/strong><\/p>\n<div class=\"stream-item stream-item-in-post stream-item-inline-post aligncenter\">\n<div class=\"stream-item-size\"><\/div>\n<\/div>\n<p>El excampe\u00f3n del automovilismo, Mario Andretti \u2014quien ser\u00e1 el director del nuevo equipo\u2014 reiter\u00f3 que quiere a un piloto con experiencia en Cadillac, por lo que las puertas est\u00e1n abiertas para el mexicano:\u00a0<strong>\u201cEs una opci\u00f3n\u201d.<\/strong><\/p>\n<p><strong><em>\u201cEstamos pensando mucho y yo no tengo la \u00faltima palabra, pero tendr\u00e9 cierta influencia. De nuevo, yo, no soy el jefe total, as\u00ed que no tomo la decisi\u00f3n final\u201d,<\/em><\/strong>\u00a0explic\u00f3.<\/p>\n<p>Ya en distintas ocasiones, Andretti ha mencionado que Cadillac quiere que su segundo volante sea alguien con experiencia, por lo que la llegada de \u201cCheco\u201d no es un escenario imposible.<\/p>\n<p>&nbsp;<\/p>\n<p>El Universal<\/p>\n","protected":false},"excerpt":{"rendered":"<p>El volante mexicano,\u00a0Sergio P\u00e9rez, es una de las opciones que el naciente equipo de Cadillac tiene contempladas para el 2026. Y para el asesor de Red Bull, Helmut Marko, es una buena idea que \u201cCheco\u201d llegue a \u00e9l; siempre y cuando haya superado la \u201cpresi\u00f3n\u201d que sent\u00eda al ser excompa\u00f1ero del tetracampe\u00f3n del mundo, Max [&hellip;]<\/p>\n","protected":false},"author":2,"featured_media":213814,"comment_status":"closed","ping_status":"closed","sticky":false,"template":"","format":"standard","meta":{"footnotes":""},"categories":[188,12870],"tags":[5231,12865],"class_list":["post-213813","post","type-post","status-publish","format-standard","has-post-thumbnail","hentry","category-deportes","category-destacadas","tag-deportes","tag-destacadas"],"jetpack_featured_media_url":"https:\/\/rnoticias.com.mx\/Portal\/wp-content\/uploads\/2025\/04\/20250331_1625_thump.png","amp_enabled":true,"_links":{"self":[{"href":"https:\/\/rnoticias.com.mx\/Portal\/wp-json\/wp\/v2\/posts\/213813","targetHints":{"allow":["GET"]}}],"collection":[{"href":"https:\/\/rnoticias.com.mx\/Portal\/wp-json\/wp\/v2\/posts"}],"about":[{"href":"https:\/\/rnoticias.com.mx\/Portal\/wp-json\/wp\/v2\/types\/post"}],"author":[{"embeddable":true,"href":"https:\/\/rnoticias.com.mx\/Portal\/wp-json\/wp\/v2\/users\/2"}],"replies":[{"embeddable":true,"href":"https:\/\/rnoticias.com.mx\/Portal\/wp-json\/wp\/v2\/comments?post=213813"}],"version-history":[{"count":1,"href":"https:\/\/rnoticias.com.mx\/Portal\/wp-json\/wp\/v2\/posts\/213813\/revisions"}],"predecessor-version":[{"id":213815,"href":"https:\/\/rnoticias.com.mx\/Portal\/wp-json\/wp\/v2\/posts\/213813\/revisions\/213815"}],"wp:featuredmedia":[{"embeddable":true,"href":"https:\/\/rnoticias.com.mx\/Portal\/wp-json\/wp\/v2\/media\/213814"}],"wp:attachment":[{"href":"https:\/\/rnoticias.com.mx\/Portal\/wp-json\/wp\/v2\/media?parent=213813"}],"wp:term":[{"taxonomy":"category","embeddable":true,"href":"https:\/\/rnoticias.com.mx\/Portal\/wp-json\/wp\/v2\/categories?post=213813"},{"taxonomy":"post_tag","embeddable":true,"href":"https:\/\/rnoticias.com.mx\/Portal\/wp-json\/wp\/v2\/tags?post=213813"}],"curies":[{"name":"wp","href":"https:\/\/api.w.org\/{rel}","templated":true}]}}