{"id":213810,"date":"2025-04-03T19:02:24","date_gmt":"2025-04-03T19:02:24","guid":{"rendered":"https:\/\/rnoticias.com.mx\/Portal\/?p=213810"},"modified":"2025-04-03T19:02:24","modified_gmt":"2025-04-03T19:02:24","slug":"agroexportadores-respiran-tras-anuncio-de-trump","status":"publish","type":"post","link":"https:\/\/rnoticias.com.mx\/Portal\/2025\/04\/03\/agroexportadores-respiran-tras-anuncio-de-trump\/","title":{"rendered":"Agroexportadores \u201crespiran\u201d tras anuncio de Trump"},"content":{"rendered":"<p class=\"ei-articleBody__StyledText-sc-1wmd47a-1 gXgyFY body-paragraph ei-article-body-text\">NOGALES, Sonora.-\u00a0<b>Tras el informe<\/b>\u00a0ofrecido\u00a0<b>ayer por<\/b>\u00a0el presidente de estadounidense, Donald\u00a0<b>Trump, de la exenci\u00f3n de aranceles a productos incluidos en el\u00a0<\/b>Tratado M\u00e9xico, Estados Unidos y Canad\u00e1\u00a0<b>(TMEC)<\/b>, los agroexportadores tienen un respiro, manifest\u00f3 Jos\u00e9 Mar\u00eda Gaxiola Duarte.<\/p>\n<blockquote class=\"ei-articleBodyBlockquote__BlockquoteContainer-sc-1cfj0bi-0 ljBexI ei-blockquote-ctn\" cite=\"https:\/\/www.elimparcial.com\/son\/sonora\/2025\/04\/03\/agroexportadores-respiran-tras-anuncio-de-trump\/\">\n<p class=\"secondary-font__SecondaryFontStyles-sc-xwub3d-0 jGKTtR\">Para los Agroexportadores, las recientes declaraciones del presidente Trump sobre el mantenimiento de aranceles cero en los productos incluidos en el TMEC brindan un respiro, aunque la incertidumbre sobre el futuro persiste\u201d, coment\u00f3 el director de Servicios Log\u00edsticos de Trocaderos de la Confederaci\u00f3n de Asociaciones Agr\u00edcolas del Estado de Sinaloa (Caades) en Nogales.<\/p>\n<\/blockquote>\n<p class=\"ei-articleBody__StyledText-sc-1wmd47a-1 gXgyFY body-paragraph ei-article-body-text\">Sin embargo,\u00a0<b>la incertidumbre en un corto y mediano plazo persiste, ya que\u00a0<\/b>seg\u00fan las declaraciones de Gaxiola Duarte,\u00a0<b>se encuentran en territorio desconocido<\/b>, dadas las recientes acciones del gobierno estadounidense, que dificultan una predicci\u00f3n estable.<\/p>\n<div>\n<div class=\"truvidPos\">\n<div><\/div>\n<\/div>\n<\/div>\n<p class=\"ei-articleBody__StyledText-sc-1wmd47a-1 gXgyFY body-paragraph ei-article-body-text\">\u201cLa amplitud de la agroindustria, en la que Caades representa a agricultores que cultivan diversos productos frescos, como granos, fruta fresca y hortalizas, dificulta la predicci\u00f3n del impacto de los aranceles en los diferentes productos b\u00e1sicos.<\/p>\n<div class=\"ei-recommendedCard__RecommendedCardContainer-sc-1walexe-0 iVyGSc ei-recommended-card-container\">\n<div class=\"ei-recommendedCard__RecommendedCardInfoContainer-sc-1walexe-3 ghXRyc ei-recommended-card-info-container\">\n<p class=\"ei-recommendedCard__RecommendedCardHeadlineText-sc-1walexe-6 fPjSbY ei-recommended-card-headline-text\">Frenan aranceles de EU inversiones y exportaciones de Sonora y M\u00e9xico<\/p>\n<\/div>\n<\/div>\n<p class=\"ei-articleBody__StyledText-sc-1wmd47a-1 gXgyFY body-paragraph ei-article-body-text\"><i><b>\u201cDesconocemos la duraci\u00f3n de esta situaci\u00f3n, la seguridad de esta pausa, si se esperar\u00e1 a la renegociaci\u00f3n del TMEC<\/b><\/i>\u00a0en 2026 o si se implementar\u00e1n aumentos arancelarios, as\u00ed como los productos espec\u00edficos que se ver\u00edan afectados\u201d, expres\u00f3.<\/p>\n<div>\n<div id=\"teadsPos\"><\/div>\n<\/div>\n<p class=\"ei-articleBody__StyledText-sc-1wmd47a-1 gXgyFY body-paragraph ei-article-body-text\">El director de Servicios Log\u00edsticos de Caades en Nogales a\u00f1adi\u00f3 que la agricultura y la producci\u00f3n de alimentos tienen exposiciones comerciales muy diferentes a las de otras industrias, por lo cual, la incertidumbre generada por la posibilidad de que un arancel sea del 25%, 15% \u00f3 10% en un futuro inmediato es considerable.<\/p>\n<p class=\"ei-articleBody__StyledText-sc-1wmd47a-1 gXgyFY body-paragraph ei-article-body-text\">Gaxiola Duarte dijo que en caso de que se implementen aranceles, se tendr\u00e1 un impacto a largo plazo en el consumidor y en toda la cadena de suministro de productos frescos.<\/p>\n<div id=\"arcad-feature-f0flcoD2US3ROs\" class=\"b-ads-block\"><\/div>\n<h1 class=\"ei-articleBodyHeading__StyledHeading-sc-11axkf8-0 ksJtGZ ei-heading\">SE NORMALIZAN CRUCES EN GARITA MARIPOSA<\/h1>\n<p class=\"ei-articleBody__StyledText-sc-1wmd47a-1 gXgyFY body-paragraph ei-article-body-text\">Tras el anuncio en el que Donald Trump excluye del cobro de aranceles rec\u00edprocos a productos incluidos en el Tratado M\u00e9xico Estados Unidos y Canad\u00e1 (TMEC),<b>\u00a0el cruce de tr\u00e1ileres en la garita Mariposa de Nogales, volvi\u00f3 a la normalidad.<\/b><\/p>\n<p class=\"ei-articleBody__StyledText-sc-1wmd47a-1 gXgyFY body-paragraph ei-article-body-text\">Despu\u00e9s de\u00a0<a title=\"https:\/\/www.elimparcial.com\/son\/nogales\/2025\/04\/01\/hacen-traileres-largas-filas-para-cruzar-a-eu-por-nogales\/\" href=\"https:\/\/www.elimparcial.com\/son\/nogales\/2025\/04\/01\/hacen-traileres-largas-filas-para-cruzar-a-eu-por-nogales\/\" target=\"_self\" rel=\"\">dos d\u00edas en los que se presentaron kilom\u00e9tricas filas<\/a>\u00a0de tractocamiones en el puerto de entrada de mercanc\u00edas de Nogales a Estados Unidos, el reciente anuncio del gobierno estadounidense provoc\u00f3 una considerable disminuci\u00f3n de exportaciones.<\/p>\n<p class=\"ei-articleBody__StyledText-sc-1wmd47a-1 gXgyFY body-paragraph ei-article-body-text\">La industria maquiladora, agr\u00edcola y otros sectores, realizaron desde el inicio de semana una mayor cantidad de embarques de exportaci\u00f3n al vecino pa\u00eds, debido a la incertidumbre sobre la posible imposici\u00f3n de aranceles del gobierno estadounidense.<\/p>\n<p class=\"ei-articleBody__StyledText-sc-1wmd47a-1 gXgyFY body-paragraph ei-article-body-text\">Desde que se dio a conocer la noticia en la que productos del TMEC quedaban de momento exentos de arancel, algunos embarques se detuvieron, ya que al no tener que enfrentarse a un pago de aranceles, algunas empresas optaron por modificar sus pedimentos y a\u00f1adir m\u00e1s productos a algunos de sus embarques.<\/p>\n<p>&nbsp;<\/p>\n<p>El Imparcial<\/p>\n","protected":false},"excerpt":{"rendered":"<p>NOGALES, Sonora.-\u00a0Tras el informe\u00a0ofrecido\u00a0ayer por\u00a0el presidente de estadounidense, Donald\u00a0Trump, de la exenci\u00f3n de aranceles a productos incluidos en el\u00a0Tratado M\u00e9xico, Estados Unidos y Canad\u00e1\u00a0(TMEC), los agroexportadores tienen un respiro, manifest\u00f3 Jos\u00e9 Mar\u00eda Gaxiola Duarte. Para los Agroexportadores, las recientes declaraciones del presidente Trump sobre el mantenimiento de aranceles cero en los productos incluidos en el [&hellip;]<\/p>\n","protected":false},"author":2,"featured_media":213811,"comment_status":"closed","ping_status":"closed","sticky":false,"template":"","format":"standard","meta":{"footnotes":""},"categories":[12870,174],"tags":[12865,12873],"class_list":["post-213810","post","type-post","status-publish","format-standard","has-post-thumbnail","hentry","category-destacadas","category-estatal","tag-destacadas","tag-estatal"],"jetpack_featured_media_url":"https:\/\/rnoticias.com.mx\/Portal\/wp-content\/uploads\/2025\/04\/000145613M.jpg","amp_enabled":true,"_links":{"self":[{"href":"https:\/\/rnoticias.com.mx\/Portal\/wp-json\/wp\/v2\/posts\/213810","targetHints":{"allow":["GET"]}}],"collection":[{"href":"https:\/\/rnoticias.com.mx\/Portal\/wp-json\/wp\/v2\/posts"}],"about":[{"href":"https:\/\/rnoticias.com.mx\/Portal\/wp-json\/wp\/v2\/types\/post"}],"author":[{"embeddable":true,"href":"https:\/\/rnoticias.com.mx\/Portal\/wp-json\/wp\/v2\/users\/2"}],"replies":[{"embeddable":true,"href":"https:\/\/rnoticias.com.mx\/Portal\/wp-json\/wp\/v2\/comments?post=213810"}],"version-history":[{"count":1,"href":"https:\/\/rnoticias.com.mx\/Portal\/wp-json\/wp\/v2\/posts\/213810\/revisions"}],"predecessor-version":[{"id":213812,"href":"https:\/\/rnoticias.com.mx\/Portal\/wp-json\/wp\/v2\/posts\/213810\/revisions\/213812"}],"wp:featuredmedia":[{"embeddable":true,"href":"https:\/\/rnoticias.com.mx\/Portal\/wp-json\/wp\/v2\/media\/213811"}],"wp:attachment":[{"href":"https:\/\/rnoticias.com.mx\/Portal\/wp-json\/wp\/v2\/media?parent=213810"}],"wp:term":[{"taxonomy":"category","embeddable":true,"href":"https:\/\/rnoticias.com.mx\/Portal\/wp-json\/wp\/v2\/categories?post=213810"},{"taxonomy":"post_tag","embeddable":true,"href":"https:\/\/rnoticias.com.mx\/Portal\/wp-json\/wp\/v2\/tags?post=213810"}],"curies":[{"name":"wp","href":"https:\/\/api.w.org\/{rel}","templated":true}]}}