{"id":213803,"date":"2025-04-03T18:57:54","date_gmt":"2025-04-03T18:57:54","guid":{"rendered":"https:\/\/rnoticias.com.mx\/Portal\/?p=213803"},"modified":"2025-04-03T18:57:54","modified_gmt":"2025-04-03T18:57:54","slug":"cndh-condena-asesinato-de-la-madre-buscadora-teresa-gonzalez","status":"publish","type":"post","link":"https:\/\/rnoticias.com.mx\/Portal\/2025\/04\/03\/cndh-condena-asesinato-de-la-madre-buscadora-teresa-gonzalez\/","title":{"rendered":"CNDH condena asesinato de la madre buscadora, Teresa Gonz\u00e1lez"},"content":{"rendered":"<p>La\u00a0<strong>Comisi\u00f3n Nacional de los Derechos Humanos (CNDH)<\/strong>\u00a0conden\u00f3 los hechos de\u00a0<strong>violencia del 27 de marzo de 2025 contra la madre buscadora Teresa Gonz\u00e1lez Murillo,<\/strong>\u00a0integrante del colectivo Luz de Esperanza Desaparecidos Jalisco, quien falleci\u00f3 despu\u00e9s de un intento de secuestro.<\/p>\n<p><strong><em>\u201cEste organismo expresa su solidaridad y sus m\u00e1s sentidas condolencias a la familia de la se\u00f1ora Teresa, a sus compa\u00f1eros y compa\u00f1eras del colectivo Luz de Esperanza, y a todas las personas afectadas por esta irreparable p\u00e9rdida\u201d,<\/em><\/strong>\u00a0expres\u00f3 la Comisi\u00f3n en un comunicado<\/p>\n<p>Exhort\u00f3 a las autoridades estatales encargadas de la investigaci\u00f3n de estos hechos a realizar una investigaci\u00f3n exhaustiva y expedita, diligente, con enfoque de g\u00e9nero y en apego a los m\u00e1s altos est\u00e1ndares de derechos humanos para esclarecer los motivos de este crimen y localizar a los responsables.<\/p>\n<p><strong><em>\u201cEs fundamental que se tomen en cuenta todas las l\u00edneas de investigaci\u00f3n, incluyendo el hecho de que la se\u00f1ora Teresa formaba parte activa de un colectivo de b\u00fasqueda desde septiembre de 2024, fecha en que desapareci\u00f3 su hermano Jaime Gonz\u00e1lez Murillo\u201d,\u00a0<\/em><\/strong>expres\u00f3.<\/p>\n<p>Tambi\u00e9n urgi\u00f3 a las autoridades de Jalisco y a las autoridades federales responsables de procurar y activar los protocolos y cuidados necesarios, para que garanticen la protecci\u00f3n integral a todas las personas que, de manera individual o a trav\u00e9s de colectivos, buscan a sus seres queridos desaparecidos.<\/p>\n<p>&nbsp;<\/p>\n<p>El Universal<\/p>\n","protected":false},"excerpt":{"rendered":"<p>La\u00a0Comisi\u00f3n Nacional de los Derechos Humanos (CNDH)\u00a0conden\u00f3 los hechos de\u00a0violencia del 27 de marzo de 2025 contra la madre buscadora Teresa Gonz\u00e1lez Murillo,\u00a0integrante del colectivo Luz de Esperanza Desaparecidos Jalisco, quien falleci\u00f3 despu\u00e9s de un intento de secuestro. \u201cEste organismo expresa su solidaridad y sus m\u00e1s sentidas condolencias a la familia de la se\u00f1ora Teresa, [&hellip;]<\/p>\n","protected":false},"author":2,"featured_media":213804,"comment_status":"closed","ping_status":"closed","sticky":false,"template":"","format":"standard","meta":{"footnotes":""},"categories":[12870,172],"tags":[12865,12874],"class_list":["post-213803","post","type-post","status-publish","format-standard","has-post-thumbnail","hentry","category-destacadas","category-nacional","tag-destacadas","tag-nacional"],"jetpack_featured_media_url":"https:\/\/rnoticias.com.mx\/Portal\/wp-content\/uploads\/2025\/04\/e3y6aelr9fvdp79mh7imtezrxbqmhjujtg0px0sb-1.png","amp_enabled":true,"_links":{"self":[{"href":"https:\/\/rnoticias.com.mx\/Portal\/wp-json\/wp\/v2\/posts\/213803","targetHints":{"allow":["GET"]}}],"collection":[{"href":"https:\/\/rnoticias.com.mx\/Portal\/wp-json\/wp\/v2\/posts"}],"about":[{"href":"https:\/\/rnoticias.com.mx\/Portal\/wp-json\/wp\/v2\/types\/post"}],"author":[{"embeddable":true,"href":"https:\/\/rnoticias.com.mx\/Portal\/wp-json\/wp\/v2\/users\/2"}],"replies":[{"embeddable":true,"href":"https:\/\/rnoticias.com.mx\/Portal\/wp-json\/wp\/v2\/comments?post=213803"}],"version-history":[{"count":1,"href":"https:\/\/rnoticias.com.mx\/Portal\/wp-json\/wp\/v2\/posts\/213803\/revisions"}],"predecessor-version":[{"id":213805,"href":"https:\/\/rnoticias.com.mx\/Portal\/wp-json\/wp\/v2\/posts\/213803\/revisions\/213805"}],"wp:featuredmedia":[{"embeddable":true,"href":"https:\/\/rnoticias.com.mx\/Portal\/wp-json\/wp\/v2\/media\/213804"}],"wp:attachment":[{"href":"https:\/\/rnoticias.com.mx\/Portal\/wp-json\/wp\/v2\/media?parent=213803"}],"wp:term":[{"taxonomy":"category","embeddable":true,"href":"https:\/\/rnoticias.com.mx\/Portal\/wp-json\/wp\/v2\/categories?post=213803"},{"taxonomy":"post_tag","embeddable":true,"href":"https:\/\/rnoticias.com.mx\/Portal\/wp-json\/wp\/v2\/tags?post=213803"}],"curies":[{"name":"wp","href":"https:\/\/api.w.org\/{rel}","templated":true}]}}