{"id":213794,"date":"2025-04-03T18:50:11","date_gmt":"2025-04-03T18:50:11","guid":{"rendered":"https:\/\/rnoticias.com.mx\/Portal\/?p=213794"},"modified":"2025-04-03T18:50:11","modified_gmt":"2025-04-03T18:50:11","slug":"promueve-gobierno-de-sonora-cultura-de-la-prevencion-en-universidades","status":"publish","type":"post","link":"https:\/\/rnoticias.com.mx\/Portal\/2025\/04\/03\/promueve-gobierno-de-sonora-cultura-de-la-prevencion-en-universidades\/","title":{"rendered":"Promueve Gobierno de Sonora cultura de la prevenci\u00f3n en universidades"},"content":{"rendered":"<table class=\"m_-8173019206653242748layout\" border=\"0\" width=\"100%\" cellspacing=\"0\" cellpadding=\"0\">\n<tbody>\n<tr>\n<td class=\"m_-8173019206653242748column m_-8173019206653242748scale m_-8173019206653242748stack\" align=\"center\" valign=\"top\">\n<table class=\"m_-8173019206653242748text\" border=\"0\" width=\"100%\" cellspacing=\"0\" cellpadding=\"0\">\n<tbody>\n<tr>\n<td class=\"m_-8173019206653242748text_content-cell m_-8173019206653242748content-padding-horizontal\" align=\"center\" valign=\"top\">\n<p align=\"justify\">San Luis R\u00edo Colorado, Sonora; 3 de abril de 2025.- Con el objetivo de garantizar que las comunidades escolares est\u00e9n capacitadas para enfrentar posibles emergencias, el Gobierno de Sonora refuerza las acciones de prevenci\u00f3n en las instituciones universitarias y organiz\u00f3 la Semana de Protecci\u00f3n Civil 2025 en la Universidad Tecnol\u00f3gica de San Luis R\u00edo Colorado (Utslrc), destac\u00f3 Jos\u00e9 Arturo Delgado Reza.<\/p>\n<p align=\"justify\">El rector de la Utslrc explic\u00f3 que la comunidad escolar recibi\u00f3 diversos cursos de capacitaci\u00f3n, con el fin de fortalecer los conocimientos del personal administrativo, docente y estudiantil, para que cuenten con las herramientas necesarias para actuar adecuadamente en caso de una emergencia provocada por fen\u00f3menos naturales.<\/p>\n<p align=\"justify\">\u201cCon este tipo de acciones reafirmamos nuestro compromiso con el bienestar de la instituci\u00f3n al estar preparados ante cualquier situaci\u00f3n de riesgo causada por desastres naturales\u201d, enfatiz\u00f3 el funcionario, quien subray\u00f3 que la seguridad y prevenci\u00f3n de la comunidad universitaria son una prioridad.<\/p>\n<p align=\"justify\">Delgado Reza agradeci\u00f3 la colaboraci\u00f3n de Protecci\u00f3n Civil Municipal, Bomberos, Cruz Roja y la capacitadora ante la Coordinaci\u00f3n Estatal de Protecci\u00f3n Civil e integrante del Comit\u00e9 Municipal de Protecci\u00f3n Civil de SLRC, Rubicelia Ibarra, quien imparti\u00f3 temas como el correcto uso de extintores, adem\u00e1s de realizar pr\u00e1cticas de cada curso para poner a prueba el conocimiento adquirido por la comunidad.<\/p>\n<p align=\"justify\">Los alumnos de la Ingenier\u00eda en Mantenimiento Industrial participaron apoyando a los brigadistas elegidos para esta edici\u00f3n del evento, con el simulacro de sismo. Este tipo de capacitaci\u00f3n es especialmente relevante para ellos, ya que fortalece su conocimiento en su campo laboral y les permite estar mejor preparados para enfrentar este tipo de situaciones.<\/p>\n<p align=\"justify\">La Semana de Protecci\u00f3n Civil 2025 se lleva a cabo anualmente, a trav\u00e9s de la Direcci\u00f3n de Planeaci\u00f3n de la Utslrc, que se encarga de la Unidad Interna de Protecci\u00f3n Civil.<\/p>\n<\/td>\n<\/tr>\n<\/tbody>\n<\/table>\n<\/td>\n<\/tr>\n<\/tbody>\n<\/table>\n<table class=\"m_-8173019206653242748layout\" border=\"0\" width=\"100%\" cellspacing=\"0\" cellpadding=\"0\">\n<tbody>\n<tr>\n<td class=\"m_-8173019206653242748column m_-8173019206653242748scale m_-8173019206653242748stack\" align=\"center\" valign=\"top\">\n<table class=\"m_-8173019206653242748image m_-8173019206653242748image--mobile-scale m_-8173019206653242748image--mobile-center\" border=\"0\" width=\"100%\" cellspacing=\"0\" cellpadding=\"0\">\n<tbody>\n<tr>\n<td class=\"m_-8173019206653242748image_container m_-8173019206653242748content-padding-horizontal\" align=\"center\" valign=\"top\"><\/td>\n<\/tr>\n<\/tbody>\n<\/table>\n<\/td>\n<\/tr>\n<\/tbody>\n<\/table>\n","protected":false},"excerpt":{"rendered":"<p>San Luis R\u00edo Colorado, Sonora; 3 de abril de 2025.- Con el objetivo de garantizar que las comunidades escolares est\u00e9n capacitadas para enfrentar posibles emergencias, el Gobierno de Sonora refuerza las acciones de prevenci\u00f3n en las instituciones universitarias y organiz\u00f3 la Semana de Protecci\u00f3n Civil 2025 en la Universidad Tecnol\u00f3gica de San Luis R\u00edo Colorado [&hellip;]<\/p>\n","protected":false},"author":2,"featured_media":213795,"comment_status":"closed","ping_status":"closed","sticky":false,"template":"","format":"standard","meta":{"footnotes":""},"categories":[12870,174],"tags":[12865,12873],"class_list":["post-213794","post","type-post","status-publish","format-standard","has-post-thumbnail","hentry","category-destacadas","category-estatal","tag-destacadas","tag-estatal"],"jetpack_featured_media_url":"https:\/\/rnoticias.com.mx\/Portal\/wp-content\/uploads\/2025\/04\/unnamed-13.jpg","amp_enabled":true,"_links":{"self":[{"href":"https:\/\/rnoticias.com.mx\/Portal\/wp-json\/wp\/v2\/posts\/213794","targetHints":{"allow":["GET"]}}],"collection":[{"href":"https:\/\/rnoticias.com.mx\/Portal\/wp-json\/wp\/v2\/posts"}],"about":[{"href":"https:\/\/rnoticias.com.mx\/Portal\/wp-json\/wp\/v2\/types\/post"}],"author":[{"embeddable":true,"href":"https:\/\/rnoticias.com.mx\/Portal\/wp-json\/wp\/v2\/users\/2"}],"replies":[{"embeddable":true,"href":"https:\/\/rnoticias.com.mx\/Portal\/wp-json\/wp\/v2\/comments?post=213794"}],"version-history":[{"count":1,"href":"https:\/\/rnoticias.com.mx\/Portal\/wp-json\/wp\/v2\/posts\/213794\/revisions"}],"predecessor-version":[{"id":213796,"href":"https:\/\/rnoticias.com.mx\/Portal\/wp-json\/wp\/v2\/posts\/213794\/revisions\/213796"}],"wp:featuredmedia":[{"embeddable":true,"href":"https:\/\/rnoticias.com.mx\/Portal\/wp-json\/wp\/v2\/media\/213795"}],"wp:attachment":[{"href":"https:\/\/rnoticias.com.mx\/Portal\/wp-json\/wp\/v2\/media?parent=213794"}],"wp:term":[{"taxonomy":"category","embeddable":true,"href":"https:\/\/rnoticias.com.mx\/Portal\/wp-json\/wp\/v2\/categories?post=213794"},{"taxonomy":"post_tag","embeddable":true,"href":"https:\/\/rnoticias.com.mx\/Portal\/wp-json\/wp\/v2\/tags?post=213794"}],"curies":[{"name":"wp","href":"https:\/\/api.w.org\/{rel}","templated":true}]}}