{"id":213791,"date":"2025-04-03T18:49:19","date_gmt":"2025-04-03T18:49:19","guid":{"rendered":"https:\/\/rnoticias.com.mx\/Portal\/?p=213791"},"modified":"2025-04-03T18:49:19","modified_gmt":"2025-04-03T18:49:19","slug":"fortalecen-lazos-el-colegio-de-contadores-publicos-de-sonora-y-la-uth","status":"publish","type":"post","link":"https:\/\/rnoticias.com.mx\/Portal\/2025\/04\/03\/fortalecen-lazos-el-colegio-de-contadores-publicos-de-sonora-y-la-uth\/","title":{"rendered":"Fortalecen lazos el Colegio de Contadores P\u00fablicos de Sonora y la UTH"},"content":{"rendered":"<p>Hermosillo, Sonora.- El Colegio de Contadores P\u00fablicos de Sonora (CCPS) y la Universidad Tecnol\u00f3gica de Hermosillo (UTH), firmaron un convenio general de colaboraci\u00f3n, estableciendo as\u00ed una alianza profesional, en pro de la capacitaci\u00f3n continua.<\/p>\n<p>El objetivo del convenio, es impulsar la formaci\u00f3n acad\u00e9mica y profesional de los estudiantes mediante pr\u00e1cticas, estad\u00edas, movilidad, capacitaci\u00f3n y proyectos conjuntos.<\/p>\n<p>\u201cEste acuerdo representa una gran oportunidad para fortalecer el v\u00ednculo entre la pr\u00e1ctica contable y la formaci\u00f3n acad\u00e9mica\u201d, expres\u00f3 el CP. Tom\u00e1s Garc\u00eda Ibarra; presidente del Colegio.<\/p>\n<p>Por su parte, el rector de la UTH; Dr. Abel Leyva Castellanos, dijo \u201cNuestra universidad mantiene firme el compromiso de colaborar con los organismos que suman al desarrollo regional\u201d.<\/p>\n<p>La vicepresidente general del CCPS; CPC. Mar\u00eda Guadalupe Ru\u00edz Durazo, testigo del convenio, resalt\u00f3 que este tipo de alianzas aportan a la \u00e9tica, responsabilidad y calidad en la formaci\u00f3n de nuevos profesionales.<\/p>\n<p>\u201cLa vinculaci\u00f3n efectiva transforma la educaci\u00f3n en oportunidades reales de crecimiento\u201d, coment\u00f3 la Dra. Marcela Guadalupe Zazueta Pillado; secretaria de Vinculaci\u00f3n de UTH.<\/p>\n<p>El convenio tendr\u00e1 una vigencia de tres a\u00f1os y permitir\u00e1 desarrollar acciones conjuntas en beneficio de la comunidad estudiantil, acad\u00e9mica y el entorno empresarial de Sonora.<\/p>\n","protected":false},"excerpt":{"rendered":"<p>Hermosillo, Sonora.- El Colegio de Contadores P\u00fablicos de Sonora (CCPS) y la Universidad Tecnol\u00f3gica de Hermosillo (UTH), firmaron un convenio general de colaboraci\u00f3n, estableciendo as\u00ed una alianza profesional, en pro de la capacitaci\u00f3n continua. El objetivo del convenio, es impulsar la formaci\u00f3n acad\u00e9mica y profesional de los estudiantes mediante pr\u00e1cticas, estad\u00edas, movilidad, capacitaci\u00f3n y proyectos [&hellip;]<\/p>\n","protected":false},"author":2,"featured_media":213792,"comment_status":"closed","ping_status":"closed","sticky":false,"template":"","format":"standard","meta":{"footnotes":""},"categories":[12870,178],"tags":[12865,12869],"class_list":["post-213791","post","type-post","status-publish","format-standard","has-post-thumbnail","hentry","category-destacadas","category-local","tag-destacadas","tag-local"],"jetpack_featured_media_url":"https:\/\/rnoticias.com.mx\/Portal\/wp-content\/uploads\/2025\/04\/dcdff69e-baba-4a0f-88e2-396aa465c9dd.jpg","amp_enabled":true,"_links":{"self":[{"href":"https:\/\/rnoticias.com.mx\/Portal\/wp-json\/wp\/v2\/posts\/213791","targetHints":{"allow":["GET"]}}],"collection":[{"href":"https:\/\/rnoticias.com.mx\/Portal\/wp-json\/wp\/v2\/posts"}],"about":[{"href":"https:\/\/rnoticias.com.mx\/Portal\/wp-json\/wp\/v2\/types\/post"}],"author":[{"embeddable":true,"href":"https:\/\/rnoticias.com.mx\/Portal\/wp-json\/wp\/v2\/users\/2"}],"replies":[{"embeddable":true,"href":"https:\/\/rnoticias.com.mx\/Portal\/wp-json\/wp\/v2\/comments?post=213791"}],"version-history":[{"count":1,"href":"https:\/\/rnoticias.com.mx\/Portal\/wp-json\/wp\/v2\/posts\/213791\/revisions"}],"predecessor-version":[{"id":213793,"href":"https:\/\/rnoticias.com.mx\/Portal\/wp-json\/wp\/v2\/posts\/213791\/revisions\/213793"}],"wp:featuredmedia":[{"embeddable":true,"href":"https:\/\/rnoticias.com.mx\/Portal\/wp-json\/wp\/v2\/media\/213792"}],"wp:attachment":[{"href":"https:\/\/rnoticias.com.mx\/Portal\/wp-json\/wp\/v2\/media?parent=213791"}],"wp:term":[{"taxonomy":"category","embeddable":true,"href":"https:\/\/rnoticias.com.mx\/Portal\/wp-json\/wp\/v2\/categories?post=213791"},{"taxonomy":"post_tag","embeddable":true,"href":"https:\/\/rnoticias.com.mx\/Portal\/wp-json\/wp\/v2\/tags?post=213791"}],"curies":[{"name":"wp","href":"https:\/\/api.w.org\/{rel}","templated":true}]}}