{"id":213788,"date":"2025-04-03T18:47:52","date_gmt":"2025-04-03T18:47:52","guid":{"rendered":"https:\/\/rnoticias.com.mx\/Portal\/?p=213788"},"modified":"2025-04-03T18:47:52","modified_gmt":"2025-04-03T18:47:52","slug":"busca-itson-concientizar-sobre-el-autismo-y-la-inclusion","status":"publish","type":"post","link":"https:\/\/rnoticias.com.mx\/Portal\/2025\/04\/03\/busca-itson-concientizar-sobre-el-autismo-y-la-inclusion\/","title":{"rendered":"Busca ITSON concientizar sobre el autismo y la inclusi\u00f3n"},"content":{"rendered":"<p>Con motivo del D\u00eda Mundial de Concienciaci\u00f3n sobre el Autismo, el Instituto Tecnol\u00f3gico de Sonora (ITSON), a trav\u00e9s del programa de Cultura de la Paz y Responsabilidad Social Universitaria, organiz\u00f3 este 2 de abril de 2025, diversas actividades y conferencias para sensibilizar a la comunidad universitaria sobre el Trastorno del Espectro Autista (TEA).<\/p>\n<p>La Mtra. Roc\u00edo Ana\u00eds Barrera Hern\u00e1ndez, Orientadora Vocacional en la Coordinaci\u00f3n de Desarrollo Acad\u00e9mico, destac\u00f3 que, por primera vez, la Universidad realiz\u00f3 un lazo humano en forma de infinito, s\u00edmbolo que tiene como prop\u00f3sito hacer m\u00e1s visible el autismo y promover la inclusi\u00f3n. Esta iniciativa se llev\u00f3 a cabo con el apoyo del reci\u00e9n formado Comit\u00e9 de Diversidad e Inclusi\u00f3n Educativa del ITSON, el cual busca ser un canal para que tanto estudiantes como docentes puedan expresar sus inquietudes y necesidades en cuanto a la atenci\u00f3n de la diversidad.<\/p>\n<p>\u201cEstamos en una etapa donde buscamos conocer las necesidades espec\u00edficas de nuestras y nuestros estudiantes y c\u00f3mo abordarlas, porque ya es una necesidad como instituci\u00f3n educativa superior atender toda la diversidad que conforma nuestra comunidad\u201d, coment\u00f3 la Mtra. Barrera Hern\u00e1ndez.<\/p>\n<p>En este sentido, alrededor de 200 personas, entre estudiantes, personal acad\u00e9mico y administrativo, participaron en el evento, mostrando un inter\u00e9s notable por la tem\u00e1tica. Tambi\u00e9n mencion\u00f3 que el ITSON cuenta actualmente con estudiantes que forman parte del espectro autista, por lo que es de suma importancia crear un ambiente en el que puedan sentirse respaldados y comprendidos.<\/p>\n<p>La Mtra. Barrera agreg\u00f3 que el ITSON fomenta un enfoque social en su modelo de inclusi\u00f3n, donde se busca brindar a estudiantes y docentes el apoyo necesario para mejorar las estrategias educativas actuales y permitir que la comunidad estudiantil con autismo se desarrollen plenamente.<\/p>\n<p>Las actividades del D\u00eda Mundial de Concienciaci\u00f3n sobre el Autismo incluyeron la conferencia \u201cEducaci\u00f3n Inclusiva con enfoque en TEA&#8221;, impartida por la Dra. Daniela Cebreros Valenzuela, que abord\u00f3 el panorama actual de la educaci\u00f3n inclusiva para estudiantes con autismo.<\/p>\n<p>Adem\u00e1s, el pr\u00f3ximo viernes 4 de abril, a las 9:00 horas, se presentar\u00e1 la conferencia \u201cAutismo en la Educaci\u00f3n Superior: Desaf\u00edos, Estrategias y Reflexiones\u201d de la estudiante Gabriela Flores Miranda, que ser\u00e1 transmitida en vivo a trav\u00e9s de la p\u00e1gina de CAICH ITSON https:\/\/www.facebook.com\/caich.itson<\/p>\n<p>Con actividades como estas, la instituci\u00f3n reafirma su compromiso con la inclusi\u00f3n, buscando generar un ambiente universitario y una sociedad donde cuide a todas y todos sus miembros y que garantice que ni\u00f1as, ni\u00f1os, adolescentes y personas adultas con autismo, puedan llevar una vida plena y gratificante.<\/p>\n","protected":false},"excerpt":{"rendered":"<p>Con motivo del D\u00eda Mundial de Concienciaci\u00f3n sobre el Autismo, el Instituto Tecnol\u00f3gico de Sonora (ITSON), a trav\u00e9s del programa de Cultura de la Paz y Responsabilidad Social Universitaria, organiz\u00f3 este 2 de abril de 2025, diversas actividades y conferencias para sensibilizar a la comunidad universitaria sobre el Trastorno del Espectro Autista (TEA). La Mtra. [&hellip;]<\/p>\n","protected":false},"author":2,"featured_media":213789,"comment_status":"closed","ping_status":"closed","sticky":false,"template":"","format":"standard","meta":{"footnotes":""},"categories":[12870,174],"tags":[12865,12873],"class_list":["post-213788","post","type-post","status-publish","format-standard","has-post-thumbnail","hentry","category-destacadas","category-estatal","tag-destacadas","tag-estatal"],"jetpack_featured_media_url":"https:\/\/rnoticias.com.mx\/Portal\/wp-content\/uploads\/2025\/04\/a92b2d7e-f936-4c48-9a4c-da5efa7e93d1.jpg","amp_enabled":true,"_links":{"self":[{"href":"https:\/\/rnoticias.com.mx\/Portal\/wp-json\/wp\/v2\/posts\/213788","targetHints":{"allow":["GET"]}}],"collection":[{"href":"https:\/\/rnoticias.com.mx\/Portal\/wp-json\/wp\/v2\/posts"}],"about":[{"href":"https:\/\/rnoticias.com.mx\/Portal\/wp-json\/wp\/v2\/types\/post"}],"author":[{"embeddable":true,"href":"https:\/\/rnoticias.com.mx\/Portal\/wp-json\/wp\/v2\/users\/2"}],"replies":[{"embeddable":true,"href":"https:\/\/rnoticias.com.mx\/Portal\/wp-json\/wp\/v2\/comments?post=213788"}],"version-history":[{"count":1,"href":"https:\/\/rnoticias.com.mx\/Portal\/wp-json\/wp\/v2\/posts\/213788\/revisions"}],"predecessor-version":[{"id":213790,"href":"https:\/\/rnoticias.com.mx\/Portal\/wp-json\/wp\/v2\/posts\/213788\/revisions\/213790"}],"wp:featuredmedia":[{"embeddable":true,"href":"https:\/\/rnoticias.com.mx\/Portal\/wp-json\/wp\/v2\/media\/213789"}],"wp:attachment":[{"href":"https:\/\/rnoticias.com.mx\/Portal\/wp-json\/wp\/v2\/media?parent=213788"}],"wp:term":[{"taxonomy":"category","embeddable":true,"href":"https:\/\/rnoticias.com.mx\/Portal\/wp-json\/wp\/v2\/categories?post=213788"},{"taxonomy":"post_tag","embeddable":true,"href":"https:\/\/rnoticias.com.mx\/Portal\/wp-json\/wp\/v2\/tags?post=213788"}],"curies":[{"name":"wp","href":"https:\/\/api.w.org\/{rel}","templated":true}]}}