{"id":213779,"date":"2025-04-03T18:09:23","date_gmt":"2025-04-03T18:09:23","guid":{"rendered":"https:\/\/rnoticias.com.mx\/Portal\/?p=213779"},"modified":"2025-04-03T18:09:23","modified_gmt":"2025-04-03T18:09:23","slug":"los-alegres-del-barranco-se-disculpan-tras-polemica","status":"publish","type":"post","link":"https:\/\/rnoticias.com.mx\/Portal\/2025\/04\/03\/los-alegres-del-barranco-se-disculpan-tras-polemica\/","title":{"rendered":"Los Alegres del Barranco se disculpan tras pol\u00e9mica"},"content":{"rendered":"<p>Los Alegres del Barranco salieron a disculparse luego de haber sido se\u00f1alados por presunta apolog\u00eda al delito tras proyectar im\u00e1genes de l\u00edderes del crimen organizado en sus conciertos.<\/p>\n<p>Tras viralizarse las im\u00e1genes, las autoridades de Jalisco y Michoac\u00e1n iniciaron una investigaci\u00f3n en su contra, y el Departamento de Estado de EU revoc\u00f3 las visas de los integrantes.<\/p>\n<p><mark><strong>El d\u00eda de ayer, el grupo emiti\u00f3 sus primeras declaraciones oficiales sobre el caso a trav\u00e9s de un comunicado en sus redes sociales. En dicha publicaci\u00f3n, Los Alegres del Barranco ofrecieron una disculpa por lo sucedido el pasado 29 de marzo en el Auditorio Telmex de Jalisco.<\/strong><\/mark><\/p>\n<p>&#8220;Queremos ofrecer nuestras m\u00e1s sinceras disculpas por lo sucedido durante nuestra presentaci\u00f3n. Como agrupaci\u00f3n musical, jam\u00e1s fue nuestra intenci\u00f3n generar controversia, mucho menos causar ofensa&#8221;, iniciaron.<\/p>\n<p>Asimismo, reconocieron la enorme responsabilidad que, como artistas, tienen respecto al mensaje que mandan a sus fans y el p\u00fablico en general y que, afirmaron, jam\u00e1s quisieron que fuera considerado como ofensivo.<\/p>\n<p><mark><strong>&#8220;Reconocemos que, como artistas, tenemos una gran responsabilidad frente a nuestras audiencias, especialmente con las nuevas generaciones que siguen nuestra m\u00fasica. Lamentamos profundamente que una parte del show haya sido percibida como ofensiva o inapropiada&#8221;.<\/strong><\/mark><\/p>\n<p>Por \u00faltimo, y tras una larga reflexi\u00f3n, confesaron que tomar\u00e1n medidas sobre el material que incluyen en su presentaci\u00f3n, tanto audiovisual como en su repertorio; y agradecieron a sus seguidores por las muestras de apoyo incondicional que les han brindado en los \u00faltimos d\u00edas.<\/p>\n<p><mark><strong>&#8220;Reafirmamos que nuestra m\u00fasica est\u00e1 inspirada en contar historias populares dentro de la m\u00fasica mexicana. Tomaremos medidas m\u00e1s rigurosas sobre el contenido visual y narrativo de nuestros espect\u00e1culos&#8221;.<\/strong><\/mark><\/p>\n<p>Sobre los conciertos que tienen programados en Estados Unidos y que se ser\u00e1n afectados por las medidas en su contra, no dieron mayores detalles; sin embargo, se comprometieron a seguir trabajando con humildad y respeto.<\/p>\n","protected":false},"excerpt":{"rendered":"<p>Los Alegres del Barranco salieron a disculparse luego de haber sido se\u00f1alados por presunta apolog\u00eda al delito tras proyectar im\u00e1genes de l\u00edderes del crimen organizado en sus conciertos. Tras viralizarse las im\u00e1genes, las autoridades de Jalisco y Michoac\u00e1n iniciaron una investigaci\u00f3n en su contra, y el Departamento de Estado de EU revoc\u00f3 las visas de [&hellip;]<\/p>\n","protected":false},"author":2,"featured_media":213780,"comment_status":"closed","ping_status":"closed","sticky":false,"template":"","format":"standard","meta":{"footnotes":""},"categories":[12870,219],"tags":[12865,12875],"class_list":["post-213779","post","type-post","status-publish","format-standard","has-post-thumbnail","hentry","category-destacadas","category-espectaculos","tag-destacadas","tag-espectaculos"],"jetpack_featured_media_url":"https:\/\/rnoticias.com.mx\/Portal\/wp-content\/uploads\/2025\/04\/hq720.jpg","amp_enabled":true,"_links":{"self":[{"href":"https:\/\/rnoticias.com.mx\/Portal\/wp-json\/wp\/v2\/posts\/213779","targetHints":{"allow":["GET"]}}],"collection":[{"href":"https:\/\/rnoticias.com.mx\/Portal\/wp-json\/wp\/v2\/posts"}],"about":[{"href":"https:\/\/rnoticias.com.mx\/Portal\/wp-json\/wp\/v2\/types\/post"}],"author":[{"embeddable":true,"href":"https:\/\/rnoticias.com.mx\/Portal\/wp-json\/wp\/v2\/users\/2"}],"replies":[{"embeddable":true,"href":"https:\/\/rnoticias.com.mx\/Portal\/wp-json\/wp\/v2\/comments?post=213779"}],"version-history":[{"count":1,"href":"https:\/\/rnoticias.com.mx\/Portal\/wp-json\/wp\/v2\/posts\/213779\/revisions"}],"predecessor-version":[{"id":213781,"href":"https:\/\/rnoticias.com.mx\/Portal\/wp-json\/wp\/v2\/posts\/213779\/revisions\/213781"}],"wp:featuredmedia":[{"embeddable":true,"href":"https:\/\/rnoticias.com.mx\/Portal\/wp-json\/wp\/v2\/media\/213780"}],"wp:attachment":[{"href":"https:\/\/rnoticias.com.mx\/Portal\/wp-json\/wp\/v2\/media?parent=213779"}],"wp:term":[{"taxonomy":"category","embeddable":true,"href":"https:\/\/rnoticias.com.mx\/Portal\/wp-json\/wp\/v2\/categories?post=213779"},{"taxonomy":"post_tag","embeddable":true,"href":"https:\/\/rnoticias.com.mx\/Portal\/wp-json\/wp\/v2\/tags?post=213779"}],"curies":[{"name":"wp","href":"https:\/\/api.w.org\/{rel}","templated":true}]}}