{"id":213770,"date":"2025-04-03T18:01:00","date_gmt":"2025-04-03T18:01:00","guid":{"rendered":"https:\/\/rnoticias.com.mx\/Portal\/?p=213770"},"modified":"2025-04-03T18:01:00","modified_gmt":"2025-04-03T18:01:00","slug":"capacita-gobierno-de-sonora-a-personal-de-isssteson-en-el-dia-de-concientizacion-sobre-el-autismo","status":"publish","type":"post","link":"https:\/\/rnoticias.com.mx\/Portal\/2025\/04\/03\/capacita-gobierno-de-sonora-a-personal-de-isssteson-en-el-dia-de-concientizacion-sobre-el-autismo\/","title":{"rendered":"Capacita Gobierno de Sonora a personal de Isssteson en el D\u00eda de Concientizaci\u00f3n sobre el Autismo"},"content":{"rendered":"<p>Hermosillo, Sonora; 2 de abril de 2025.- M\u00e1s de 110 personas, entre profesionales de la psicolog\u00eda, enfermeros y enfermeras de Isssteson, as\u00ed como padres de familia derechohabientes, participaron de manera presencial y en l\u00ednea en la conferencia \u201cTrastorno del espectro autista\u201d con motivo del D\u00eda Mundial de la Concientizaci\u00f3n sobre el Autismo.<\/p>\n<p>Lo anterior, derivado de la encomienda del Gobernador Alfonso Durazo Monta\u00f1o de fortalecer la atenci\u00f3n a los derechohabientes del Instituto mediante la preparaci\u00f3n constante del personal de salud, el fortalecimiento de los servicios y la mejora de la infraestructura.<\/p>\n<p>Luis Alonso Osuna Cota, director general de Isssteson, acompa\u00f1ado de autoridades, encabez\u00f3 el evento donde el doctor F\u00e9lix Hilario Higuera Romero, paidosiquiatra y coordinador de la reci\u00e9n creada Unidad de Neurodesarrollo, imparti\u00f3 la conferencia.<\/p>\n<p>En el desarrollo de la misma, se abordaron los aspectos m\u00e1s importantes para la detecci\u00f3n temprana del autismo y c\u00f3mo la participaci\u00f3n del personal de salud en el tratamiento es vital para mejorar las condiciones de vida de quienes lo padecen.<\/p>\n<p>En el evento estuvieron presentes Adaluz Villegas Mart\u00ednez, subdirectora de los Servicios M\u00e9dicos de Isssteson; Jes\u00fas Armando Avil\u00e9s Encinas, jefe de la Unidad Jur\u00eddica del Instituto; Branly Garc\u00eda G\u00f3mez, subdirector de Servicios Administrativos; y Sergio Salgado Jaime, director del CIAS Centro.<\/p>\n","protected":false},"excerpt":{"rendered":"<p>Hermosillo, Sonora; 2 de abril de 2025.- M\u00e1s de 110 personas, entre profesionales de la psicolog\u00eda, enfermeros y enfermeras de Isssteson, as\u00ed como padres de familia derechohabientes, participaron de manera presencial y en l\u00ednea en la conferencia \u201cTrastorno del espectro autista\u201d con motivo del D\u00eda Mundial de la Concientizaci\u00f3n sobre el Autismo. Lo anterior, derivado [&hellip;]<\/p>\n","protected":false},"author":2,"featured_media":213771,"comment_status":"closed","ping_status":"closed","sticky":false,"template":"","format":"standard","meta":{"footnotes":""},"categories":[12870,178],"tags":[12865,12869],"class_list":["post-213770","post","type-post","status-publish","format-standard","has-post-thumbnail","hentry","category-destacadas","category-local","tag-destacadas","tag-local"],"jetpack_featured_media_url":"https:\/\/rnoticias.com.mx\/Portal\/wp-content\/uploads\/2025\/04\/unnamed-12.jpg","amp_enabled":true,"_links":{"self":[{"href":"https:\/\/rnoticias.com.mx\/Portal\/wp-json\/wp\/v2\/posts\/213770","targetHints":{"allow":["GET"]}}],"collection":[{"href":"https:\/\/rnoticias.com.mx\/Portal\/wp-json\/wp\/v2\/posts"}],"about":[{"href":"https:\/\/rnoticias.com.mx\/Portal\/wp-json\/wp\/v2\/types\/post"}],"author":[{"embeddable":true,"href":"https:\/\/rnoticias.com.mx\/Portal\/wp-json\/wp\/v2\/users\/2"}],"replies":[{"embeddable":true,"href":"https:\/\/rnoticias.com.mx\/Portal\/wp-json\/wp\/v2\/comments?post=213770"}],"version-history":[{"count":1,"href":"https:\/\/rnoticias.com.mx\/Portal\/wp-json\/wp\/v2\/posts\/213770\/revisions"}],"predecessor-version":[{"id":213772,"href":"https:\/\/rnoticias.com.mx\/Portal\/wp-json\/wp\/v2\/posts\/213770\/revisions\/213772"}],"wp:featuredmedia":[{"embeddable":true,"href":"https:\/\/rnoticias.com.mx\/Portal\/wp-json\/wp\/v2\/media\/213771"}],"wp:attachment":[{"href":"https:\/\/rnoticias.com.mx\/Portal\/wp-json\/wp\/v2\/media?parent=213770"}],"wp:term":[{"taxonomy":"category","embeddable":true,"href":"https:\/\/rnoticias.com.mx\/Portal\/wp-json\/wp\/v2\/categories?post=213770"},{"taxonomy":"post_tag","embeddable":true,"href":"https:\/\/rnoticias.com.mx\/Portal\/wp-json\/wp\/v2\/tags?post=213770"}],"curies":[{"name":"wp","href":"https:\/\/api.w.org\/{rel}","templated":true}]}}