{"id":213762,"date":"2025-04-03T02:03:35","date_gmt":"2025-04-03T02:03:35","guid":{"rendered":"https:\/\/rnoticias.com.mx\/Portal\/?p=213762"},"modified":"2025-04-03T02:03:35","modified_gmt":"2025-04-03T02:03:35","slug":"gobernador-durazo-fortalece-conectividad-y-turismo-en-sonora-con-nueva-ruta-aerea-hermosillo-tijuana","status":"publish","type":"post","link":"https:\/\/rnoticias.com.mx\/Portal\/2025\/04\/03\/gobernador-durazo-fortalece-conectividad-y-turismo-en-sonora-con-nueva-ruta-aerea-hermosillo-tijuana\/","title":{"rendered":"Gobernador Durazo fortalece conectividad y turismo en Sonora con nueva ruta a\u00e9rea Hermosillo \u2013 Tijuana"},"content":{"rendered":"<p align=\"left\">Hermosillo, Sonora; 02 de abril del 2025.- Con visi\u00f3n estrat\u00e9gica y compromiso con el desarrollo econ\u00f3mico y tur\u00edstico de Sonora, el gobernador Alfonso Durazo Monta\u00f1o contin\u00faa fortaleciendo la conectividad en el estado, al aperturarse una nueva ruta de Hermosillo-Tijuana de la aerol\u00ednea Viva Aerob\u00fas para vincular al estado con destinos potencialmente atractivos para los turistas.<\/p>\n<p align=\"left\">\n<p align=\"left\">El jefe del Ejecutivo estatal enfatiz\u00f3 que, se afianzan los lazos entre ambas regiones, ya que a partir de que se diera este anunci\u00f3, comenz\u00f3 la venta de boletos de vuelos para este nuevo distino que tendr\u00e1 una frecuencia diaria a partir del 22 de mayo.<\/p>\n<p align=\"left\">\n<p align=\"left\">\u201cQuiero hacer especial \u00e9nfasis en la relevancia que tendr\u00e1 esta nueva ruta para nuestro estado, ya que ser\u00e1 de gran beneficio para ambas regiones colindantes del Golfo de California\u201d, asever\u00f3.<\/p>\n<p align=\"left\">\n<p align=\"left\">Con esta expansi\u00f3n, Sonora refuerza su posici\u00f3n como un destino estrat\u00e9gico para el turismo y los negocios en el noroeste del pa\u00eds, ofreciendo opciones de transporte accesibles y eficientes para residentes, visitantes e inversionistas.<\/p>\n","protected":false},"excerpt":{"rendered":"<p>Hermosillo, Sonora; 02 de abril del 2025.- Con visi\u00f3n estrat\u00e9gica y compromiso con el desarrollo econ\u00f3mico y tur\u00edstico de Sonora, el gobernador Alfonso Durazo Monta\u00f1o contin\u00faa fortaleciendo la conectividad en el estado, al aperturarse una nueva ruta de Hermosillo-Tijuana de la aerol\u00ednea Viva Aerob\u00fas para vincular al estado con destinos potencialmente atractivos para los turistas. [&hellip;]<\/p>\n","protected":false},"author":2,"featured_media":213763,"comment_status":"closed","ping_status":"closed","sticky":false,"template":"","format":"standard","meta":{"footnotes":""},"categories":[12870,178],"tags":[12865,12869],"class_list":["post-213762","post","type-post","status-publish","format-standard","has-post-thumbnail","hentry","category-destacadas","category-local","tag-destacadas","tag-local"],"jetpack_featured_media_url":"https:\/\/rnoticias.com.mx\/Portal\/wp-content\/uploads\/2025\/04\/unnamed-11.jpg","amp_enabled":true,"_links":{"self":[{"href":"https:\/\/rnoticias.com.mx\/Portal\/wp-json\/wp\/v2\/posts\/213762","targetHints":{"allow":["GET"]}}],"collection":[{"href":"https:\/\/rnoticias.com.mx\/Portal\/wp-json\/wp\/v2\/posts"}],"about":[{"href":"https:\/\/rnoticias.com.mx\/Portal\/wp-json\/wp\/v2\/types\/post"}],"author":[{"embeddable":true,"href":"https:\/\/rnoticias.com.mx\/Portal\/wp-json\/wp\/v2\/users\/2"}],"replies":[{"embeddable":true,"href":"https:\/\/rnoticias.com.mx\/Portal\/wp-json\/wp\/v2\/comments?post=213762"}],"version-history":[{"count":1,"href":"https:\/\/rnoticias.com.mx\/Portal\/wp-json\/wp\/v2\/posts\/213762\/revisions"}],"predecessor-version":[{"id":213764,"href":"https:\/\/rnoticias.com.mx\/Portal\/wp-json\/wp\/v2\/posts\/213762\/revisions\/213764"}],"wp:featuredmedia":[{"embeddable":true,"href":"https:\/\/rnoticias.com.mx\/Portal\/wp-json\/wp\/v2\/media\/213763"}],"wp:attachment":[{"href":"https:\/\/rnoticias.com.mx\/Portal\/wp-json\/wp\/v2\/media?parent=213762"}],"wp:term":[{"taxonomy":"category","embeddable":true,"href":"https:\/\/rnoticias.com.mx\/Portal\/wp-json\/wp\/v2\/categories?post=213762"},{"taxonomy":"post_tag","embeddable":true,"href":"https:\/\/rnoticias.com.mx\/Portal\/wp-json\/wp\/v2\/tags?post=213762"}],"curies":[{"name":"wp","href":"https:\/\/api.w.org\/{rel}","templated":true}]}}