{"id":213759,"date":"2025-04-03T00:07:18","date_gmt":"2025-04-03T00:07:18","guid":{"rendered":"https:\/\/rnoticias.com.mx\/Portal\/?p=213759"},"modified":"2025-04-03T00:07:18","modified_gmt":"2025-04-03T00:07:18","slug":"rinden-homenaje-postumo-en-palacio-municipal-al-ex-presidente-casimiro-navarro-valenzuela","status":"publish","type":"post","link":"https:\/\/rnoticias.com.mx\/Portal\/2025\/04\/03\/rinden-homenaje-postumo-en-palacio-municipal-al-ex-presidente-casimiro-navarro-valenzuela\/","title":{"rendered":"Rinden homenaje p\u00f3stumo en Palacio Municipal al ex presidente Casimiro Navarro Valenzuela"},"content":{"rendered":"<div><b data-olk-copy-source=\"MessageBody\">Hermosillo, Sonora; 2 de abril, 2025.-\u00a0<\/b>\u201cCasimiro Navarro, con su estilo entr\u00f3n, con su car\u00e1cter y determinaci\u00f3n abri\u00f3 brecha, y con el ejemplo impuls\u00f3 un cambio de conciencia en la sociedad hermosillense, fue la viva personificaci\u00f3n del s\u00ed se puede, del no hay imposibles, del no importa de qu\u00e9 tama\u00f1o es la adversidad cuando se supera el miedo a enfrentarla\u201d, expres\u00f3 el presidente municipal Antonio Astiazar\u00e1n Guti\u00e9rrez, en la guardia de honor que se realiz\u00f3 a quien fue alcalde en el periodo 1982 a 1985.<\/p>\n<p>To\u00f1o Astiazar\u00e1n recibi\u00f3 a la se\u00f1ora Magdalena Figueroa de Navarro y sus hijos Mar\u00eda del Carmen, Juan Francisco, Luis Ignacio y Casimiro Tercero, Navarro Figueroa, durante el homenaje de cuerpo presente en el que Casimiro Navarro fue recordado como un hombre que luch\u00f3 por ejercer su vocaci\u00f3n de servir a su comunidad, a pesar de las grandes adversidades que eso implicaba en la \u00e9poca en que gobern\u00f3 la capital sonorense.<\/p><\/div>\n<div>\nAntonio Astiazar\u00e1n asegur\u00f3 que Casimiro Navarro deja un legado de lucha, coraje, determinaci\u00f3n y sobre todo de servicio a los dem\u00e1s, por lo que trascender\u00e1 como un ejemplo de c\u00f3mo desde la ciudadan\u00eda se pueden derribar muros que parece imposible derrumbar.<\/p>\n<p>El jard\u00edn del Palacio Municipal se llen\u00f3 de personas que acudieron a despedir a &#8220;El Cani&#8221;, como se le conoci\u00f3 en su \u00e9poca juvenil en la colonia El Ranchito. Lo hicieron entre aplausos y remembranzas de su paso por la vida p\u00fablica, personal y como empresario.<\/p>\n<p>Adem\u00e1s del presidente municipal Antonio Astiazar\u00e1n, participaron en este homenaje Guatimoc Yberri Gonz\u00e1lez, Gast\u00f3n Gonz\u00e1lez Guerra, Francisco B\u00farquez Valenzuela, Mar\u00eda Dolores del R\u00edo S\u00e1nchez, Alejandro L\u00f3pez Caballero y Eduardo Alejo Acu\u00f1a Padilla, quienes encabezaron el Gobierno Municipal de Hermosillo en diferentes \u00e9pocas.<\/p>\n<p>Familiares y amistades de Casimiro Navarro Valenzuela honraron su memoria acompa\u00f1ando con aplausos la salida de su f\u00e9retro de las instalaciones del Palacio Municipal.<\/p><\/div>\n<div><\/div>\n","protected":false},"excerpt":{"rendered":"<p>Hermosillo, Sonora; 2 de abril, 2025.-\u00a0\u201cCasimiro Navarro, con su estilo entr\u00f3n, con su car\u00e1cter y determinaci\u00f3n abri\u00f3 brecha, y con el ejemplo impuls\u00f3 un cambio de conciencia en la sociedad hermosillense, fue la viva personificaci\u00f3n del s\u00ed se puede, del no hay imposibles, del no importa de qu\u00e9 tama\u00f1o es la adversidad cuando se supera [&hellip;]<\/p>\n","protected":false},"author":2,"featured_media":213760,"comment_status":"closed","ping_status":"closed","sticky":false,"template":"","format":"standard","meta":{"footnotes":""},"categories":[12870,178],"tags":[12865,12869],"class_list":["post-213759","post","type-post","status-publish","format-standard","has-post-thumbnail","hentry","category-destacadas","category-local","tag-destacadas","tag-local"],"jetpack_featured_media_url":"https:\/\/rnoticias.com.mx\/Portal\/wp-content\/uploads\/2025\/04\/Rinden-homenaje-postumo-en-Palacio-Municipal-al-ex-presidente-Casimiro-Navarro-Valenzuela-2-scaled.jpeg","amp_enabled":true,"_links":{"self":[{"href":"https:\/\/rnoticias.com.mx\/Portal\/wp-json\/wp\/v2\/posts\/213759","targetHints":{"allow":["GET"]}}],"collection":[{"href":"https:\/\/rnoticias.com.mx\/Portal\/wp-json\/wp\/v2\/posts"}],"about":[{"href":"https:\/\/rnoticias.com.mx\/Portal\/wp-json\/wp\/v2\/types\/post"}],"author":[{"embeddable":true,"href":"https:\/\/rnoticias.com.mx\/Portal\/wp-json\/wp\/v2\/users\/2"}],"replies":[{"embeddable":true,"href":"https:\/\/rnoticias.com.mx\/Portal\/wp-json\/wp\/v2\/comments?post=213759"}],"version-history":[{"count":1,"href":"https:\/\/rnoticias.com.mx\/Portal\/wp-json\/wp\/v2\/posts\/213759\/revisions"}],"predecessor-version":[{"id":213761,"href":"https:\/\/rnoticias.com.mx\/Portal\/wp-json\/wp\/v2\/posts\/213759\/revisions\/213761"}],"wp:featuredmedia":[{"embeddable":true,"href":"https:\/\/rnoticias.com.mx\/Portal\/wp-json\/wp\/v2\/media\/213760"}],"wp:attachment":[{"href":"https:\/\/rnoticias.com.mx\/Portal\/wp-json\/wp\/v2\/media?parent=213759"}],"wp:term":[{"taxonomy":"category","embeddable":true,"href":"https:\/\/rnoticias.com.mx\/Portal\/wp-json\/wp\/v2\/categories?post=213759"},{"taxonomy":"post_tag","embeddable":true,"href":"https:\/\/rnoticias.com.mx\/Portal\/wp-json\/wp\/v2\/tags?post=213759"}],"curies":[{"name":"wp","href":"https:\/\/api.w.org\/{rel}","templated":true}]}}