{"id":213756,"date":"2025-04-03T00:06:06","date_gmt":"2025-04-03T00:06:06","guid":{"rendered":"https:\/\/rnoticias.com.mx\/Portal\/?p=213756"},"modified":"2025-04-03T00:06:06","modified_gmt":"2025-04-03T00:06:06","slug":"guaymas-sera-sede-de-foro-pesquero","status":"publish","type":"post","link":"https:\/\/rnoticias.com.mx\/Portal\/2025\/04\/03\/guaymas-sera-sede-de-foro-pesquero\/","title":{"rendered":"Guaymas ser\u00e1 sede de \u201cForo Pesquero\u201d"},"content":{"rendered":"<p>Anuncia la Secretar\u00eda de Agricultura, Ganader\u00eda, Recursos Hidr\u00e1ulicos, Pesca y Acuacultura del Estado de Sonora (Sagarhpa), que en abril el municipio de Guaymas ser\u00e1 sede de un Foro Pesquero y buscar lograr un censo de pescadores.<\/p>\n<p>&nbsp;<\/p>\n<p>Desd\u00e9mona Cota Valenzuela subsecretaria de pesca y acuacultura de la Sagarhpa estatal, mencion\u00f3 que tentativamente ese Foro Pesquero en Guaymas se pretende realizar el pr\u00f3ximo 15 de abril y en el cual participar\u00e1n pescadores de ese municipio y tambi\u00e9n de Empalme, para que mediante ese censo hacer acciones de ordenamiento pesquero en la entidad.<\/p>\n<p>&nbsp;<\/p>\n<p><strong>\u00a0\u201cPor instrucciones de la secretaria de Sagarhpa C\u00e9lida L\u00f3pez nos hemos estado trasladando a diferentes municipios. Hoy nos correspondi\u00f3 venir a Guaymas con el fin de coordinar acciones para el levantamiento de un censo de los pescadores ribere\u00f1os. Se pretende saber exactamente quienes se dedican a la actividad y asi mismo poder planear un ordenamiento pesquero\u201d, dijo.<\/strong><\/p>\n<p><strong>\u00a0<\/strong><\/p>\n<p>Agreg\u00f3, que ese censo tambi\u00e9n permitir\u00e1 el conocer las diferentes especies que m\u00e1s se aprovechan en el caso de Guaymas y Empalme y posteriormente realizar esa misma din\u00e1mica en otras regiones pesqueras de Sonora.<\/p>\n<p>&nbsp;<\/p>\n","protected":false},"excerpt":{"rendered":"<p>Anuncia la Secretar\u00eda de Agricultura, Ganader\u00eda, Recursos Hidr\u00e1ulicos, Pesca y Acuacultura del Estado de Sonora (Sagarhpa), que en abril el municipio de Guaymas ser\u00e1 sede de un Foro Pesquero y buscar lograr un censo de pescadores. &nbsp; Desd\u00e9mona Cota Valenzuela subsecretaria de pesca y acuacultura de la Sagarhpa estatal, mencion\u00f3 que tentativamente ese Foro Pesquero [&hellip;]<\/p>\n","protected":false},"author":2,"featured_media":213757,"comment_status":"closed","ping_status":"closed","sticky":false,"template":"","format":"standard","meta":{"footnotes":""},"categories":[12870,174],"tags":[12865,12873],"class_list":["post-213756","post","type-post","status-publish","format-standard","has-post-thumbnail","hentry","category-destacadas","category-estatal","tag-destacadas","tag-estatal"],"jetpack_featured_media_url":"https:\/\/rnoticias.com.mx\/Portal\/wp-content\/uploads\/2025\/04\/embarcacion-Guaymas-1.jpg","amp_enabled":true,"_links":{"self":[{"href":"https:\/\/rnoticias.com.mx\/Portal\/wp-json\/wp\/v2\/posts\/213756","targetHints":{"allow":["GET"]}}],"collection":[{"href":"https:\/\/rnoticias.com.mx\/Portal\/wp-json\/wp\/v2\/posts"}],"about":[{"href":"https:\/\/rnoticias.com.mx\/Portal\/wp-json\/wp\/v2\/types\/post"}],"author":[{"embeddable":true,"href":"https:\/\/rnoticias.com.mx\/Portal\/wp-json\/wp\/v2\/users\/2"}],"replies":[{"embeddable":true,"href":"https:\/\/rnoticias.com.mx\/Portal\/wp-json\/wp\/v2\/comments?post=213756"}],"version-history":[{"count":1,"href":"https:\/\/rnoticias.com.mx\/Portal\/wp-json\/wp\/v2\/posts\/213756\/revisions"}],"predecessor-version":[{"id":213758,"href":"https:\/\/rnoticias.com.mx\/Portal\/wp-json\/wp\/v2\/posts\/213756\/revisions\/213758"}],"wp:featuredmedia":[{"embeddable":true,"href":"https:\/\/rnoticias.com.mx\/Portal\/wp-json\/wp\/v2\/media\/213757"}],"wp:attachment":[{"href":"https:\/\/rnoticias.com.mx\/Portal\/wp-json\/wp\/v2\/media?parent=213756"}],"wp:term":[{"taxonomy":"category","embeddable":true,"href":"https:\/\/rnoticias.com.mx\/Portal\/wp-json\/wp\/v2\/categories?post=213756"},{"taxonomy":"post_tag","embeddable":true,"href":"https:\/\/rnoticias.com.mx\/Portal\/wp-json\/wp\/v2\/tags?post=213756"}],"curies":[{"name":"wp","href":"https:\/\/api.w.org\/{rel}","templated":true}]}}