{"id":213753,"date":"2025-04-03T00:01:24","date_gmt":"2025-04-03T00:01:24","guid":{"rendered":"https:\/\/rnoticias.com.mx\/Portal\/?p=213753"},"modified":"2025-04-03T00:01:24","modified_gmt":"2025-04-03T00:01:24","slug":"continuaran-las-temperaturas-frias-en-sonora-conagua","status":"publish","type":"post","link":"https:\/\/rnoticias.com.mx\/Portal\/2025\/04\/03\/continuaran-las-temperaturas-frias-en-sonora-conagua\/","title":{"rendered":"Continuar\u00e1n las temperaturas fr\u00edas en Sonora: Conagua"},"content":{"rendered":"<p>La Comisi\u00f3n Nacional del Agua en Sonora inform\u00f3 que las temperaturas fr\u00edas en Sonora se extender\u00e1n hasta el s\u00e1bado, gracias a una masa de aire fr\u00edo y una vaguada polar que mantendr\u00e1n un clima agradable en el estado.<\/p>\n<p>&nbsp;<\/p>\n<p>Gilberto Lagarda V\u00e1zquez, especialista t\u00e9cnico de Conagua, se\u00f1al\u00f3 que, aunque el frente fr\u00edo 37 ya se disip\u00f3, vino acompa\u00f1ado de una masa de aire fr\u00edo, as\u00ed como de una vaguada polar que ayudar\u00e1n a mantenerlas temperaturas bajas en Sonora.<\/p>\n<p>&nbsp;<\/p>\n<p>&#8220;Esto se espera pueda durar hasta por el s\u00e1bado y el domingo estar\u00edamos viendo una recuperaci\u00f3n de las temperaturas en el estado de Sonora&#8221;, precis\u00f3.<\/p>\n<p>&nbsp;<\/p>\n<p>Detall\u00f3 que, los valores m\u00e1ximos para el centro y sur de Sonora rondar\u00e1n entre los 25 a los 35 grados y para zonas del norte y oriente de los 20 a los 25 grados.<\/p>\n<p>&nbsp;<\/p>\n<p>En lo que se refiere a las temperaturas m\u00ednimas, indic\u00f3 que para las partes m\u00e1s altas se esperan registros de los -5 a los 10 grados y en el centro y sur de los 5 a los 15 grados.<\/p>\n<p>&nbsp;<\/p>\n<p>Lagarda V\u00e1zquez agreg\u00f3 que, para el viernes se prev\u00e9 un 30% de probabilidad de precipitaciones en las zonas m\u00e1s elevadas del estado.<\/p>\n","protected":false},"excerpt":{"rendered":"<p>La Comisi\u00f3n Nacional del Agua en Sonora inform\u00f3 que las temperaturas fr\u00edas en Sonora se extender\u00e1n hasta el s\u00e1bado, gracias a una masa de aire fr\u00edo y una vaguada polar que mantendr\u00e1n un clima agradable en el estado. &nbsp; Gilberto Lagarda V\u00e1zquez, especialista t\u00e9cnico de Conagua, se\u00f1al\u00f3 que, aunque el frente fr\u00edo 37 ya se [&hellip;]<\/p>\n","protected":false},"author":2,"featured_media":213754,"comment_status":"closed","ping_status":"closed","sticky":false,"template":"","format":"standard","meta":{"footnotes":""},"categories":[12870,178],"tags":[12865,12869],"class_list":["post-213753","post","type-post","status-publish","format-standard","has-post-thumbnail","hentry","category-destacadas","category-local","tag-destacadas","tag-local"],"jetpack_featured_media_url":"https:\/\/rnoticias.com.mx\/Portal\/wp-content\/uploads\/2025\/04\/414824712_ac3e575959_b.jpg","amp_enabled":true,"_links":{"self":[{"href":"https:\/\/rnoticias.com.mx\/Portal\/wp-json\/wp\/v2\/posts\/213753","targetHints":{"allow":["GET"]}}],"collection":[{"href":"https:\/\/rnoticias.com.mx\/Portal\/wp-json\/wp\/v2\/posts"}],"about":[{"href":"https:\/\/rnoticias.com.mx\/Portal\/wp-json\/wp\/v2\/types\/post"}],"author":[{"embeddable":true,"href":"https:\/\/rnoticias.com.mx\/Portal\/wp-json\/wp\/v2\/users\/2"}],"replies":[{"embeddable":true,"href":"https:\/\/rnoticias.com.mx\/Portal\/wp-json\/wp\/v2\/comments?post=213753"}],"version-history":[{"count":1,"href":"https:\/\/rnoticias.com.mx\/Portal\/wp-json\/wp\/v2\/posts\/213753\/revisions"}],"predecessor-version":[{"id":213755,"href":"https:\/\/rnoticias.com.mx\/Portal\/wp-json\/wp\/v2\/posts\/213753\/revisions\/213755"}],"wp:featuredmedia":[{"embeddable":true,"href":"https:\/\/rnoticias.com.mx\/Portal\/wp-json\/wp\/v2\/media\/213754"}],"wp:attachment":[{"href":"https:\/\/rnoticias.com.mx\/Portal\/wp-json\/wp\/v2\/media?parent=213753"}],"wp:term":[{"taxonomy":"category","embeddable":true,"href":"https:\/\/rnoticias.com.mx\/Portal\/wp-json\/wp\/v2\/categories?post=213753"},{"taxonomy":"post_tag","embeddable":true,"href":"https:\/\/rnoticias.com.mx\/Portal\/wp-json\/wp\/v2\/tags?post=213753"}],"curies":[{"name":"wp","href":"https:\/\/api.w.org\/{rel}","templated":true}]}}