{"id":213744,"date":"2025-04-02T23:57:35","date_gmt":"2025-04-02T23:57:35","guid":{"rendered":"https:\/\/rnoticias.com.mx\/Portal\/?p=213744"},"modified":"2025-04-02T23:57:35","modified_gmt":"2025-04-02T23:57:35","slug":"realiza-gobierno-de-sonora-congreso-de-turismo-y-sostenibilidad-ues","status":"publish","type":"post","link":"https:\/\/rnoticias.com.mx\/Portal\/2025\/04\/02\/realiza-gobierno-de-sonora-congreso-de-turismo-y-sostenibilidad-ues\/","title":{"rendered":"Realiza Gobierno de Sonora Congreso de Turismo y Sostenibilidad: UES"},"content":{"rendered":"<p align=\"justify\">Hermosillo, Sonora; 2 de abril de 2025.- Con el prop\u00f3sito de fortalecer la formaci\u00f3n de profesionales en turismo y contribuir al desarrollo regional, el Gobierno de Sonora lleva a cabo el 24.\u00ba Congreso de Turismo y Sostenibilidad de la Universidad Estatal de Sonora (UES), con la participaci\u00f3n del secretario de Econom\u00eda y Turismo, Roberto Gradillas Pineda.<\/p>\n<p align=\"justify\">\u201cPara el gobernador Alfonso Durazo, el turismo es una actividad econ\u00f3mica sumamente importante que genera derrama econ\u00f3mica, crecimiento y desarrollo social integrado. Quiero hacer un compromiso con la UES para trabajar en equipo con docentes y estudiantes en el impulso del turismo en Sonora\u201d, expres\u00f3 Gradillas Pineda.<\/p>\n<p align=\"justify\">Por su parte, la rectora de la UES, Martha Patricia Pati\u00f1o Fierro, destac\u00f3 que la Licenciatura en Administraci\u00f3n de Empresas Tur\u00edsticas es una de las carreras emblem\u00e1ticas de la universidad, la cual ha formado durante muchos a\u00f1os a profesionales que contribuyen al fortalecimiento del sector tur\u00edstico en la entidad.<\/p>\n<p align=\"justify\">El congreso, que se lleva a cabo del 1 al 3 de abril en la Unidad Acad\u00e9mica Hermosillo, incluye conferencias, talleres especializados, rutas experienciales a la Reserva de la Biosfera del Caj\u00f3n del Diablo y a la comunidad Comca\u2019ac, as\u00ed como un rally deportivo y de conocimiento.<\/p>\n<p align=\"justify\">La edici\u00f3n de este a\u00f1o del evento acad\u00e9mico est\u00e1 dirigida a los m\u00e1s de 280 estudiantes de la Licenciatura en Administraci\u00f3n de Empresas Tur\u00edsticas, as\u00ed como a los profesionales del sector.<\/p>\n","protected":false},"excerpt":{"rendered":"<p>Hermosillo, Sonora; 2 de abril de 2025.- Con el prop\u00f3sito de fortalecer la formaci\u00f3n de profesionales en turismo y contribuir al desarrollo regional, el Gobierno de Sonora lleva a cabo el 24.\u00ba Congreso de Turismo y Sostenibilidad de la Universidad Estatal de Sonora (UES), con la participaci\u00f3n del secretario de Econom\u00eda y Turismo, Roberto Gradillas [&hellip;]<\/p>\n","protected":false},"author":2,"featured_media":213745,"comment_status":"closed","ping_status":"closed","sticky":false,"template":"","format":"standard","meta":{"footnotes":""},"categories":[178],"tags":[12869],"class_list":["post-213744","post","type-post","status-publish","format-standard","has-post-thumbnail","hentry","category-local","tag-local"],"jetpack_featured_media_url":"https:\/\/rnoticias.com.mx\/Portal\/wp-content\/uploads\/2025\/04\/unnamed-10.jpg","amp_enabled":true,"_links":{"self":[{"href":"https:\/\/rnoticias.com.mx\/Portal\/wp-json\/wp\/v2\/posts\/213744","targetHints":{"allow":["GET"]}}],"collection":[{"href":"https:\/\/rnoticias.com.mx\/Portal\/wp-json\/wp\/v2\/posts"}],"about":[{"href":"https:\/\/rnoticias.com.mx\/Portal\/wp-json\/wp\/v2\/types\/post"}],"author":[{"embeddable":true,"href":"https:\/\/rnoticias.com.mx\/Portal\/wp-json\/wp\/v2\/users\/2"}],"replies":[{"embeddable":true,"href":"https:\/\/rnoticias.com.mx\/Portal\/wp-json\/wp\/v2\/comments?post=213744"}],"version-history":[{"count":1,"href":"https:\/\/rnoticias.com.mx\/Portal\/wp-json\/wp\/v2\/posts\/213744\/revisions"}],"predecessor-version":[{"id":213746,"href":"https:\/\/rnoticias.com.mx\/Portal\/wp-json\/wp\/v2\/posts\/213744\/revisions\/213746"}],"wp:featuredmedia":[{"embeddable":true,"href":"https:\/\/rnoticias.com.mx\/Portal\/wp-json\/wp\/v2\/media\/213745"}],"wp:attachment":[{"href":"https:\/\/rnoticias.com.mx\/Portal\/wp-json\/wp\/v2\/media?parent=213744"}],"wp:term":[{"taxonomy":"category","embeddable":true,"href":"https:\/\/rnoticias.com.mx\/Portal\/wp-json\/wp\/v2\/categories?post=213744"},{"taxonomy":"post_tag","embeddable":true,"href":"https:\/\/rnoticias.com.mx\/Portal\/wp-json\/wp\/v2\/tags?post=213744"}],"curies":[{"name":"wp","href":"https:\/\/api.w.org\/{rel}","templated":true}]}}