{"id":213738,"date":"2025-04-02T23:50:01","date_gmt":"2025-04-02T23:50:01","guid":{"rendered":"https:\/\/rnoticias.com.mx\/Portal\/?p=213738"},"modified":"2025-04-02T23:50:01","modified_gmt":"2025-04-02T23:50:01","slug":"si-unison-no-mejora-nuestras-condiciones-salariales-iremos-a-huelga-steus","status":"publish","type":"post","link":"https:\/\/rnoticias.com.mx\/Portal\/2025\/04\/02\/si-unison-no-mejora-nuestras-condiciones-salariales-iremos-a-huelga-steus\/","title":{"rendered":"\u201cSi UNISON no mejora nuestras condiciones salariales, iremos a huelga\u201d: STEUS"},"content":{"rendered":"<p>Reitera el Sindicato de Trabajadores y Empleados de la Universidad de Sonora (STEUS), que van a continuar en su lucha por obtener mejores condiciones salariales o de lo contrario existe la alternativa de estallar a huelga a la Universidad de Sonora (UNISON) este pr\u00f3ximo 30 de abril.<\/p>\n<p>&nbsp;<\/p>\n<p>Lourdes Esperanza Rojas Armenta, secretaria general del STEUS, manifest\u00f3 que esa nueva lucha que han emprendido en contra de la m\u00e1xima de estudios en Sonora, es porque autoridades de la instituci\u00f3n mantienen su postura de solo aumentarles un 4 por ciento en su tabulador salarial, cuando ellos han solicitado que debe ser un 20 por ciento.<\/p>\n<p>&nbsp;<\/p>\n<p><strong>\u00a0\u201cVamos a seguir haciendo presi\u00f3n con este plan de acci\u00f3n, moviliz\u00e1ndonos y que la administraci\u00f3n realmente tenga esa voluntad pol\u00edtica de avanzar en esa revisi\u00f3n, sino el \u00fanico recurso que tenemos nosotros para hacer valer nuestros derechos es el movimiento de huelga\u201d, afirm\u00f3.<\/strong><\/p>\n<p>&nbsp;<\/p>\n<p>Record\u00f3, que en d\u00edas pasado se emplaz\u00f3 a huelga a la Universidad de Sonora para el 30 de abril y reiter\u00f3, que la gran mayor\u00eda de los integrantes de ese sindicato est\u00e1n a favor de esa medida si no se logran importantes beneficios salariales, ya que consideran siguen qued\u00e1ndose atr\u00e1s en relaci\u00f3n con mejores percepciones que deber\u00edan de tener.<\/p>\n<p>&nbsp;<\/p>\n","protected":false},"excerpt":{"rendered":"<p>Reitera el Sindicato de Trabajadores y Empleados de la Universidad de Sonora (STEUS), que van a continuar en su lucha por obtener mejores condiciones salariales o de lo contrario existe la alternativa de estallar a huelga a la Universidad de Sonora (UNISON) este pr\u00f3ximo 30 de abril. &nbsp; Lourdes Esperanza Rojas Armenta, secretaria general del [&hellip;]<\/p>\n","protected":false},"author":2,"featured_media":213739,"comment_status":"closed","ping_status":"closed","sticky":false,"template":"","format":"standard","meta":{"footnotes":""},"categories":[12870,178],"tags":[12865,12869],"class_list":["post-213738","post","type-post","status-publish","format-standard","has-post-thumbnail","hentry","category-destacadas","category-local","tag-destacadas","tag-local"],"jetpack_featured_media_url":"https:\/\/rnoticias.com.mx\/Portal\/wp-content\/uploads\/2025\/04\/IMG_8807-scaled-1.jpg","amp_enabled":true,"_links":{"self":[{"href":"https:\/\/rnoticias.com.mx\/Portal\/wp-json\/wp\/v2\/posts\/213738","targetHints":{"allow":["GET"]}}],"collection":[{"href":"https:\/\/rnoticias.com.mx\/Portal\/wp-json\/wp\/v2\/posts"}],"about":[{"href":"https:\/\/rnoticias.com.mx\/Portal\/wp-json\/wp\/v2\/types\/post"}],"author":[{"embeddable":true,"href":"https:\/\/rnoticias.com.mx\/Portal\/wp-json\/wp\/v2\/users\/2"}],"replies":[{"embeddable":true,"href":"https:\/\/rnoticias.com.mx\/Portal\/wp-json\/wp\/v2\/comments?post=213738"}],"version-history":[{"count":1,"href":"https:\/\/rnoticias.com.mx\/Portal\/wp-json\/wp\/v2\/posts\/213738\/revisions"}],"predecessor-version":[{"id":213740,"href":"https:\/\/rnoticias.com.mx\/Portal\/wp-json\/wp\/v2\/posts\/213738\/revisions\/213740"}],"wp:featuredmedia":[{"embeddable":true,"href":"https:\/\/rnoticias.com.mx\/Portal\/wp-json\/wp\/v2\/media\/213739"}],"wp:attachment":[{"href":"https:\/\/rnoticias.com.mx\/Portal\/wp-json\/wp\/v2\/media?parent=213738"}],"wp:term":[{"taxonomy":"category","embeddable":true,"href":"https:\/\/rnoticias.com.mx\/Portal\/wp-json\/wp\/v2\/categories?post=213738"},{"taxonomy":"post_tag","embeddable":true,"href":"https:\/\/rnoticias.com.mx\/Portal\/wp-json\/wp\/v2\/tags?post=213738"}],"curies":[{"name":"wp","href":"https:\/\/api.w.org\/{rel}","templated":true}]}}