{"id":213735,"date":"2025-04-02T23:41:53","date_gmt":"2025-04-02T23:41:53","guid":{"rendered":"https:\/\/rnoticias.com.mx\/Portal\/?p=213735"},"modified":"2025-04-02T23:41:53","modified_gmt":"2025-04-02T23:41:53","slug":"vinculado-a-proceso-cristian-rafael-n-por-el-delito-de-homicidio-y-lesiones","status":"publish","type":"post","link":"https:\/\/rnoticias.com.mx\/Portal\/2025\/04\/02\/vinculado-a-proceso-cristian-rafael-n-por-el-delito-de-homicidio-y-lesiones\/","title":{"rendered":"Vinculado a proceso Cristian Rafael \u201cN\u201d por el delito de homicidio y lesiones"},"content":{"rendered":"<p>San Luis R\u00edo Colorado, Sonora, 2 de abril de 2025.- La Fiscal\u00eda General de Justicia del Estado de Sonora (FGJES) obtuvo de un Juez la vinculaci\u00f3n a proceso de Cristian Rafael \u201cN\u201d, de 31 a\u00f1os, se\u00f1alado como el presunto responsable de los delitos de homicidio calificado y delito de lesiones calificadas en perjuicio de Jes\u00fas Ariel \u201cN\u201d y Christian \u201cN\u201d.<\/p>\n<p>Los hechos ocurrieron el 8 de marzo de 2025, aproximadamente a las 15:29 horas cuando el presunto responsable ingres\u00f3 a un establecimiento de venta de sushi ubicado en la colonia Residencias, en San Luis, R\u00edo Colorado. En dicho lugar se encontraban las v\u00edctimas, quienes poco despu\u00e9s salieron del establecimiento y abordaron un veh\u00edculo marca Hyundai, l\u00ednea G\u00e9nesis, modelo 2009, color negro, estacionado al frente del lugar.<\/p>\n<p>En ese momento, se ha establecido, el imputado comenz\u00f3 a disparar en su contra con un arma de fuego. Como resultado, Jes\u00fas Ariel \u201cN\u201d sufri\u00f3 lesiones por proyectil de arma de fuego que le causaron la muerte en el mismo lugar de los hechos; por su parte, Christian \u201cN\u201d result\u00f3 gravemente lesionado, presentando heridas que tardan m\u00e1s de quince d\u00edas en sanar, aunque no ponen en peligro su vida.<\/p>\n<p>Durante la audiencia inicial celebrada tras la ejecuci\u00f3n de la orden de aprehensi\u00f3n, el Ministerio P\u00fablico formul\u00f3 imputaci\u00f3n en contra del se\u00f1alado, obteniendo del Juez la medida cautelar de prisi\u00f3n preventiva justificada.<\/p>\n<p>En la reanudaci\u00f3n de la audiencia de vinculaci\u00f3n a proceso celebrada el 31 de marzo del a\u00f1o en curso, el Juez concedi\u00f3 la vinculaci\u00f3n a proceso para Cristian Rafael \u201cN\u201d, adem\u00e1s determin\u00f3 prisi\u00f3n preventiva justificada y otorg\u00f3 un plazo de 3 meses para la investigaci\u00f3n complementaria.<\/p>\n<p>Este caso refrenda el compromiso de la FGJES con la procuraci\u00f3n de justicia y la lucha contra la impunidad en casos de violencia extrema.<\/p>\n","protected":false},"excerpt":{"rendered":"<p>San Luis R\u00edo Colorado, Sonora, 2 de abril de 2025.- La Fiscal\u00eda General de Justicia del Estado de Sonora (FGJES) obtuvo de un Juez la vinculaci\u00f3n a proceso de Cristian Rafael \u201cN\u201d, de 31 a\u00f1os, se\u00f1alado como el presunto responsable de los delitos de homicidio calificado y delito de lesiones calificadas en perjuicio de Jes\u00fas [&hellip;]<\/p>\n","protected":false},"author":2,"featured_media":213736,"comment_status":"closed","ping_status":"closed","sticky":false,"template":"","format":"standard","meta":{"footnotes":""},"categories":[12870,174],"tags":[12865,12873],"class_list":["post-213735","post","type-post","status-publish","format-standard","has-post-thumbnail","hentry","category-destacadas","category-estatal","tag-destacadas","tag-estatal"],"jetpack_featured_media_url":"https:\/\/rnoticias.com.mx\/Portal\/wp-content\/uploads\/2025\/04\/35325858-fdf9-4cf1-a746-b1ae05970fcc.jpg","amp_enabled":true,"_links":{"self":[{"href":"https:\/\/rnoticias.com.mx\/Portal\/wp-json\/wp\/v2\/posts\/213735","targetHints":{"allow":["GET"]}}],"collection":[{"href":"https:\/\/rnoticias.com.mx\/Portal\/wp-json\/wp\/v2\/posts"}],"about":[{"href":"https:\/\/rnoticias.com.mx\/Portal\/wp-json\/wp\/v2\/types\/post"}],"author":[{"embeddable":true,"href":"https:\/\/rnoticias.com.mx\/Portal\/wp-json\/wp\/v2\/users\/2"}],"replies":[{"embeddable":true,"href":"https:\/\/rnoticias.com.mx\/Portal\/wp-json\/wp\/v2\/comments?post=213735"}],"version-history":[{"count":1,"href":"https:\/\/rnoticias.com.mx\/Portal\/wp-json\/wp\/v2\/posts\/213735\/revisions"}],"predecessor-version":[{"id":213737,"href":"https:\/\/rnoticias.com.mx\/Portal\/wp-json\/wp\/v2\/posts\/213735\/revisions\/213737"}],"wp:featuredmedia":[{"embeddable":true,"href":"https:\/\/rnoticias.com.mx\/Portal\/wp-json\/wp\/v2\/media\/213736"}],"wp:attachment":[{"href":"https:\/\/rnoticias.com.mx\/Portal\/wp-json\/wp\/v2\/media?parent=213735"}],"wp:term":[{"taxonomy":"category","embeddable":true,"href":"https:\/\/rnoticias.com.mx\/Portal\/wp-json\/wp\/v2\/categories?post=213735"},{"taxonomy":"post_tag","embeddable":true,"href":"https:\/\/rnoticias.com.mx\/Portal\/wp-json\/wp\/v2\/tags?post=213735"}],"curies":[{"name":"wp","href":"https:\/\/api.w.org\/{rel}","templated":true}]}}