{"id":213723,"date":"2025-04-02T22:21:28","date_gmt":"2025-04-02T22:21:28","guid":{"rendered":"https:\/\/rnoticias.com.mx\/Portal\/?p=213723"},"modified":"2025-04-02T22:21:28","modified_gmt":"2025-04-02T22:21:28","slug":"reafirma-gobierno-de-sonora-compromiso-con-la-atencion-temprana-del-autismo","status":"publish","type":"post","link":"https:\/\/rnoticias.com.mx\/Portal\/2025\/04\/02\/reafirma-gobierno-de-sonora-compromiso-con-la-atencion-temprana-del-autismo\/","title":{"rendered":"Reafirma Gobierno de Sonora compromiso con la atenci\u00f3n temprana del autismo"},"content":{"rendered":"<p align=\"justify\">Hermosillo, Sonora; 2 de abril de 2025.- En el marco del D\u00eda Mundial de Concienciaci\u00f3n sobre el Autismo, el Gobierno de Sonora, a trav\u00e9s de la Secretar\u00eda de Salud P\u00fablica (SSP), reafirm\u00f3 su compromiso con la detecci\u00f3n oportuna, el diagn\u00f3stico y la atenci\u00f3n integral del autismo y otros trastornos del neurodesarrollo, garantizando servicios accesibles y de calidad en el estado.<\/p>\n<p align=\"justify\">Como parte de esta estrategia, la SSP inform\u00f3 que en Sonora operan Cl\u00ednicas de Atenci\u00f3n al Neurodesarrollo en las ciudades de Hermosillo, Empalme, Navojoa y Nogales, donde un equipo multidisciplinario brinda atenci\u00f3n especializada.<\/p>\n<p align=\"justify\">En estas unidades se cuenta con servicios de trabajo social, consulta general, as\u00ed como especialistas en gen\u00e9tica y nutrici\u00f3n, entre otros, todos orientados a mejorar la calidad de vida de las personas con autismo, as\u00ed como a ofrecer apoyo a sus familias.<\/p>\n<p align=\"justify\">Entre los principales servicios que se ofrecen en estas cl\u00ednicas destacan:<\/p>\n<p align=\"justify\">\u2022 Detecci\u00f3n y diagn\u00f3stico oportuno.<\/p>\n<p align=\"justify\">\u2022 Evaluaci\u00f3n neuropsicol\u00f3gica para identificar necesidades espec\u00edficas.<\/p>\n<p align=\"justify\">\u2022 Terapias especializadas, incluyendo lenguaje, cognitiva, sensoriomotora, conductual y familiar.<\/p>\n<p align=\"justify\">\u2022 Capacitaci\u00f3n para madres, padres y tutores, facilitando herramientas para la atenci\u00f3n y el acompa\u00f1amiento.<\/p>\n<p align=\"justify\">A trav\u00e9s de estas acciones, la Secretar\u00eda de Salud busca garantizar el acceso universal a los servicios de detecci\u00f3n y diagn\u00f3stico del autismo, con un enfoque integral y de calidad para todas las personas en Sonora.<\/p>\n<p align=\"justify\">Actualmente, el autismo sigue siendo un \u00e1rea activa de estudio e investigaci\u00f3n, con un enfoque creciente en la comprensi\u00f3n de las \u00e1reas de oportunidad individuales, el desarrollo de intervenciones tempranas y la promoci\u00f3n de la inclusi\u00f3n en la sociedad.<\/p>\n<p align=\"justify\">De acuerdo con la SSP, el autismo se caracteriza por:<\/p>\n<p align=\"justify\">\u2022 Dificultades en la comunicaci\u00f3n e interacci\u00f3n social.<\/p>\n<p align=\"justify\">\u2022 Patrones de comportamiento repetitivos y restringidos.<\/p>\n<p align=\"justify\">\u2022 Sensibilidad inusual a est\u00edmulos sensoriales, como luces, sonidos o texturas.<\/p>\n<p align=\"justify\">\u2022 Adhesi\u00f3n estricta a rutinas espec\u00edficas.<\/p>\n<p align=\"justify\">Para obtener m\u00e1s informaci\u00f3n sobre los servicios de atenci\u00f3n para el autismo y otros trastornos del neurodesarrollo, las personas interesadas pueden comunicarse a:<\/p>\n<p align=\"justify\">\u2022 Hermosillo: 662 118 807, correo electr\u00f3nico:\u00a0<a href=\"mailto:citashermosillo@gmail.com\" target=\"_blank\" rel=\"noopener\">citashermosillo@gmail.com<\/a><\/p>\n<p align=\"justify\">\u2022 Empalme: correo electr\u00f3nico:\u00a0<a href=\"mailto:citasempalme@gmail.com\" target=\"_blank\" rel=\"noopener\">citasempalme@gmail.com<\/a><\/p>\n<p align=\"justify\">\u2022 Navojoa: 642 421 2084, correo electr\u00f3nico:\u00a0<a href=\"mailto:citasnavojoa@gmail.com\" target=\"_blank\" rel=\"noopener\">citasnavojoa@gmail.com<\/a><\/p>\n<p align=\"justify\">\u2022 Nogales: 631 209 9818, correo electr\u00f3nico:\u00a0<a href=\"mailto:citasnogales@gmail.com\" target=\"_blank\" rel=\"noopener\">citasnogales@gmail.com<\/a><\/p>\n","protected":false},"excerpt":{"rendered":"<p>Hermosillo, Sonora; 2 de abril de 2025.- En el marco del D\u00eda Mundial de Concienciaci\u00f3n sobre el Autismo, el Gobierno de Sonora, a trav\u00e9s de la Secretar\u00eda de Salud P\u00fablica (SSP), reafirm\u00f3 su compromiso con la detecci\u00f3n oportuna, el diagn\u00f3stico y la atenci\u00f3n integral del autismo y otros trastornos del neurodesarrollo, garantizando servicios accesibles y [&hellip;]<\/p>\n","protected":false},"author":2,"featured_media":213714,"comment_status":"closed","ping_status":"closed","sticky":false,"template":"","format":"standard","meta":{"footnotes":""},"categories":[12870,178],"tags":[12865,12869],"class_list":["post-213723","post","type-post","status-publish","format-standard","has-post-thumbnail","hentry","category-destacadas","category-local","tag-destacadas","tag-local"],"jetpack_featured_media_url":"https:\/\/rnoticias.com.mx\/Portal\/wp-content\/uploads\/2025\/04\/unnamed-7.jpg","amp_enabled":true,"_links":{"self":[{"href":"https:\/\/rnoticias.com.mx\/Portal\/wp-json\/wp\/v2\/posts\/213723","targetHints":{"allow":["GET"]}}],"collection":[{"href":"https:\/\/rnoticias.com.mx\/Portal\/wp-json\/wp\/v2\/posts"}],"about":[{"href":"https:\/\/rnoticias.com.mx\/Portal\/wp-json\/wp\/v2\/types\/post"}],"author":[{"embeddable":true,"href":"https:\/\/rnoticias.com.mx\/Portal\/wp-json\/wp\/v2\/users\/2"}],"replies":[{"embeddable":true,"href":"https:\/\/rnoticias.com.mx\/Portal\/wp-json\/wp\/v2\/comments?post=213723"}],"version-history":[{"count":1,"href":"https:\/\/rnoticias.com.mx\/Portal\/wp-json\/wp\/v2\/posts\/213723\/revisions"}],"predecessor-version":[{"id":213725,"href":"https:\/\/rnoticias.com.mx\/Portal\/wp-json\/wp\/v2\/posts\/213723\/revisions\/213725"}],"wp:featuredmedia":[{"embeddable":true,"href":"https:\/\/rnoticias.com.mx\/Portal\/wp-json\/wp\/v2\/media\/213714"}],"wp:attachment":[{"href":"https:\/\/rnoticias.com.mx\/Portal\/wp-json\/wp\/v2\/media?parent=213723"}],"wp:term":[{"taxonomy":"category","embeddable":true,"href":"https:\/\/rnoticias.com.mx\/Portal\/wp-json\/wp\/v2\/categories?post=213723"},{"taxonomy":"post_tag","embeddable":true,"href":"https:\/\/rnoticias.com.mx\/Portal\/wp-json\/wp\/v2\/tags?post=213723"}],"curies":[{"name":"wp","href":"https:\/\/api.w.org\/{rel}","templated":true}]}}