{"id":213708,"date":"2025-04-02T16:58:07","date_gmt":"2025-04-02T16:58:07","guid":{"rendered":"https:\/\/rnoticias.com.mx\/Portal\/?p=213708"},"modified":"2025-04-02T16:58:07","modified_gmt":"2025-04-02T16:58:07","slug":"se-cumplen-20-anos-de-la-desaparicion-de-periodista-alfredo-jimenez-mota","status":"publish","type":"post","link":"https:\/\/rnoticias.com.mx\/Portal\/2025\/04\/02\/se-cumplen-20-anos-de-la-desaparicion-de-periodista-alfredo-jimenez-mota\/","title":{"rendered":"Se cumplen 20 a\u00f1os de la desaparici\u00f3n de periodista Alfredo Jim\u00e9nez Mota"},"content":{"rendered":"<p class=\"ei-articleBody__StyledText-sc-1wmd47a-1 gXgyFY body-paragraph ei-article-body-text\"><b>Los padres y hermana del periodista desaparecido<\/b>\u00a0el 2 de abril del 2005 en Hermosillo,\u00a0<b>Alfredo Jim\u00e9nez Mota, est\u00e1n listos para recibir cualquier resultado de las investigaciones\u00a0<\/b>que realizan la Fiscal\u00eda General de la Rep\u00fablica (FGR) y la Comisi\u00f3n Nacional de B\u00fasqueda.<\/p>\n<p class=\"ei-articleBody__StyledText-sc-1wmd47a-1 gXgyFY body-paragraph ei-article-body-text\">Jos\u00e9 Alfredo Jim\u00e9nez Hern\u00e1ndez,<b>\u00a0padre del reportero\u00a0<\/b>especializado en temas de seguridad,<b>\u00a0declar\u00f3 que esperan saber qu\u00e9 pas\u00f3 y d\u00f3nde se encuentra su hijo<\/b>\u00a0antes de morir, pues a 20 a\u00f1os de su desaparici\u00f3n no hay ning\u00fan avance concreto de las investigaciones que se han realizado durante cinco sexenios.<\/p>\n<div>\n<div class=\"truvidPos\">\n<div><\/div>\n<\/div>\n<\/div>\n<blockquote class=\"ei-articleBodyBlockquote__BlockquoteContainer-sc-1cfj0bi-0 HMmWR ei-blockquote-ctn\" cite=\"https:\/\/www.elimparcial.com\/son\/sonora\/2025\/04\/02\/20-anos-y-el-avance-es-nulo-aun-no-saben-que-paso-con-alfredo-jimenez-mota\/\">\n<p class=\"secondary-font__SecondaryFontStyles-sc-xwub3d-0 jGKTtR\">Ya se nos est\u00e1 acabando la vida, cualquier d\u00eda, pero esperemos que alg\u00fan d\u00eda sepan si no estamos nosotros Lety o la familia que quede, sepa qu\u00e9 fue lo que verdaderamente pas\u00f3 con Alfredo\u201d, dijo.<\/p>\n<\/blockquote>\n<p class=\"ei-articleBody__StyledText-sc-1wmd47a-1 gXgyFY body-paragraph ei-article-body-text\">\u201cQue sigan en la b\u00fasqueda, que no dejen abandonado el caso de Alfredo, si posiblemente lo llegaran a saber o encontrar que nos den la informaci\u00f3n verdadera, nosotros estamos prestos para cualquier resultado de sus investigaciones\u201d, puntualiz\u00f3.<\/p>\n<div class=\"ei-recommendedCard__RecommendedCardContainer-sc-1walexe-0 iVyGSc ei-recommended-card-container\">\n<div class=\"ei-recommendedCard__RecommendedCardInfoContainer-sc-1walexe-3 ghXRyc ei-recommended-card-info-container\">\n<h3 class=\"ei-recommendedCard__RecommendedCardSectionText-sc-1walexe-4 cbrBDw ei-recommended-card-section-text\">Sonora<\/h3>\n<p class=\"ei-recommendedCard__RecommendedCardHeadlineText-sc-1walexe-6 fPjSbY ei-recommended-card-headline-text\">Sheinbaum dice que preguntar\u00e1 a FGR sobre caso del periodista Alfredo Jim\u00e9nez<\/p>\n<\/div>\n<\/div>\n<p class=\"ei-articleBody__StyledText-sc-1wmd47a-1 gXgyFY body-paragraph ei-article-body-text\"><b>A 20 a\u00f1os de su desaparici\u00f3n, dijo, se busca vivo o muerto en Sonora y otras entidades<\/b>\u00a0del Pa\u00eds con las muestras de ADN que les tomaron a la familia para cotejarlas con los bancos de datos de los laboratorios de las fiscal\u00edas estatales.<\/p>\n<div>\n<div id=\"teadsPos\"><\/div>\n<\/div>\n<blockquote class=\"ei-articleBodyBlockquote__BlockquoteContainer-sc-1cfj0bi-0 HMmWR ei-blockquote-ctn\" cite=\"https:\/\/www.elimparcial.com\/son\/sonora\/2025\/04\/02\/20-anos-y-el-avance-es-nulo-aun-no-saben-que-paso-con-alfredo-jimenez-mota\/\">\n<p class=\"secondary-font__SecondaryFontStyles-sc-xwub3d-0 jGKTtR\">Esperemos seguir en esta vida y en estos a\u00f1os que nos quedan de vida saber la verdadera raz\u00f3n o por lo menos saber d\u00f3nde qued\u00f3 mi hijo porque ya no nos queda m\u00e1s que eso, esperar que encuentren algo de sus restos y nos los entreguen y saber d\u00f3nde qued\u00f3 y volvernos a juntar\u201d.<\/p>\n<\/blockquote>\n<p class=\"ei-articleBody__StyledText-sc-1wmd47a-1 gXgyFY body-paragraph ei-article-body-text\"><b>En este a\u00f1o<\/b>, por cuestiones de salud de la familia, indic\u00f3,<b>\u00a0no habr\u00e1 ning\u00fan acto en memoria<\/b>\u00a0de Alfredo Jim\u00e9nez Mota, sino que cada quien recordar\u00e1 su legado period\u00edstico.<\/p>\n<p class=\"ei-articleBody__StyledText-sc-1wmd47a-1 gXgyFY body-paragraph ei-article-body-text\">A continuaci\u00f3n la entrevista:<\/p>\n<div id=\"arcad-feature-f0flcoD2US3ROs\" class=\"b-ads-block\"><\/div>\n<p class=\"ei-articleBody__StyledText-sc-1wmd47a-1 gXgyFY body-paragraph ei-article-body-text\"><i><b>A 20 a\u00f1os de la desaparici\u00f3n de Alfredo Jim\u00e9nez, \u00bfqu\u00e9 avance lleva la investigaci\u00f3n?<\/b><\/i><\/p>\n<p class=\"ei-articleBody__StyledText-sc-1wmd47a-1 gXgyFY body-paragraph ei-article-body-text\"><b>Jos\u00e9 Alfredo Jim\u00e9nez Hern\u00e1ndez (JAJH):<\/b>\u00a0Nada, todo est\u00e1 igual estamos con la misma l\u00ednea que las iban a retomar y las iban a empezar otra vez de nuevo para ver si hab\u00eda quedado pendiente alg\u00fan \u2018detallito\u2019 que se les haya pasado, pero ya no me han informado. Los que tienen mucha comunicaci\u00f3n son con la Comisi\u00f3n Interamericana de los Derechos Humanos (CIDH) a \u00e9stos le dicen todo y ya me pasan la informaci\u00f3n a m\u00ed, y si no me lo pasan ellos porque tengo contacto con el fiscal que le encargaron el caso, no lo han cambiado.<\/p>\n<div id=\"arcad-feature-f0f6Ff17US3RWq\" class=\"b-ads-block\"><\/div>\n<p class=\"ei-articleBody__StyledText-sc-1wmd47a-1 gXgyFY body-paragraph ei-article-body-text\"><i><b>Les tomaron ADN para buscar los restos de su hijo Alfredo \u00bfles han informado algo tras esto?<\/b><\/i><\/p>\n<p class=\"ei-articleBody__StyledText-sc-1wmd47a-1 gXgyFY body-paragraph ei-article-body-text\"><b>JAJH:\u00a0<\/b>Nos tomaron el ADN a los tres y nos iban a decir si encontraban algo porque se iban a dirigir a todos los bancos de datos de todos los estados, pero hasta la fecha no nos han dicho nada. El otro d\u00eda estaba viendo que las madres buscadoras encontraron unos cuerpos por el lado Norte de Hermosillo y pens\u00e9 hablarles porque me llam\u00f3 la atenci\u00f3n esos dos cuerpos aunque al ver la ropa que usaban y la estatura ya no le quise mover nada, s\u00ed me llam\u00f3 la atenci\u00f3n, no s\u00e9 qu\u00e9 tan adentrados est\u00e9n (la FGR) con la Fiscal\u00eda (General de Justicia del Estado) de Sonora con lo que encuentran, pero s\u00ed les est\u00e1n, como dice uno, \u2018picando las costillas\u2019 para que les den informaci\u00f3n. La Comisi\u00f3n Interamericana de los Derechos Humanos y la SIP (Sociedad Interamericana de Prensa) est\u00e1n al tanto pidiendo la informaci\u00f3n.<\/p>\n<div id=\"arcad-feature-f0f7TSvgUS3RIN\" class=\"b-ads-block\"><\/div>\n<p class=\"ei-articleBody__StyledText-sc-1wmd47a-1 gXgyFY body-paragraph ei-article-body-text\"><i><b>Despu\u00e9s de las 22 l\u00edneas de investigaci\u00f3n que se abrieron luego de desaparecer su hijo Alfredo Jim\u00e9nez se abrieron otras cuatro o cinco m\u00e1s, \u00bfhay avances y les han dicho de qu\u00e9 se tratan?<\/b><\/i><\/p>\n<p class=\"ei-articleBody__StyledText-sc-1wmd47a-1 gXgyFY body-paragraph ei-article-body-text\"><b>JAJH:\u00a0<\/b>No me han dicho nada, pero una de ellas es el robo de identidad de Alfredo porque aparecen varios datos actualizados donde se ve que hay movimiento de la Afore, pero no han esclarecido todav\u00eda eso, de d\u00f3nde viene. Pensaban que estaba vivo a lo mejor o quiz\u00e1s alguien le hab\u00eda robado la identidad y estaba usando su nombre y todo su perfil, no s\u00e9 qu\u00e9 provecho le pudieron haber sacado, al contrario si supiera la gente que le afecta a Alfredo se iban sobre \u00e9l pero no supe. Aparece que la Afore lo tiene activo, el Infonavit no, no s\u00e9 qu\u00e9 otra cosa encontraron, pero aqu\u00ed me llegan estados de cuenta de la Afore de Alfredo, no s\u00e9 si ser\u00e1 lo que est\u00e1 trabajando todav\u00eda porque no lo han dado por muerto.<\/p>\n<div class=\"ei-recommendedCard__RecommendedCardContainer-sc-1walexe-0 iVyGSc ei-recommended-card-container\">\n<div class=\"ei-recommendedCard__RecommendedCardInfoContainer-sc-1walexe-3 ghXRyc ei-recommended-card-info-container\">\n<h3 class=\"ei-recommendedCard__RecommendedCardSectionText-sc-1walexe-4 cbrBDw ei-recommended-card-section-text\">Sonora<\/h3>\n<p class=\"ei-recommendedCard__RecommendedCardHeadlineText-sc-1walexe-6 fPjSbY ei-recommended-card-headline-text\">Sheinbaum dice que preguntar\u00e1 a FGR sobre caso del periodista Alfredo Jim\u00e9nez<\/p>\n<\/div>\n<\/div>\n<p class=\"ei-articleBody__StyledText-sc-1wmd47a-1 gXgyFY body-paragraph ei-article-body-text\"><i><b>Hasta el a\u00f1o pasado todav\u00eda hab\u00eda dos acuerdos reparatorios pendientes de parte del Gobierno federal, \u00bfya lo cumpli\u00f3?<\/b><\/i><\/p>\n<p class=\"ei-articleBody__StyledText-sc-1wmd47a-1 gXgyFY body-paragraph ei-article-body-text\"><b>JAJH:<\/b>\u00a0No se ha cumplido, todav\u00eda est\u00e1 en veremos. Falta la promesa laboral para nuestra hija Leticia Jim\u00e9nez y lo otro no creo que lo logren que es el esclarecimiento de Alfredo, d\u00f3nde qued\u00f3 porque lo andan buscando f\u00edsicamente o muerto, que lo hayan encontrado por ah\u00ed muerto, sus restos pues, no hay nada de nada, hasta ah\u00ed lleg\u00f3 todo su empuje o investigaciones, nom\u00e1s en acuerdos pero no s\u00e9 si todav\u00eda sigan buscando o sigan trabajando en esto, lo que s\u00ed me hablan los encargados de la Sociedad Interamericana de Prensa y la Comisi\u00f3n Interamericana de los Derechos Humanos me hablan o me mandan correos muy seguido pero hasta ah\u00ed.<\/p>\n<div id=\"arcad-feature-f0fNgQEjUS3RCm\" class=\"b-ads-block\"><\/div>\n<p class=\"ei-articleBody__StyledText-sc-1wmd47a-1 gXgyFY body-paragraph ei-article-body-text\"><b>\u00bfLos ha buscado la CNDH para darle seguimiento a la investigaci\u00f3n de Alfredo Jim\u00e9nez?<\/b><\/p>\n<p class=\"ei-articleBody__StyledText-sc-1wmd47a-1 gXgyFY body-paragraph ei-article-body-text\"><i>JAJH:\u00a0<\/i>No, es la Interamericana, creo que entre ellos se mandan informaci\u00f3n porque si nos han apoyado ellos no pueden hacer nada porque son de otro pa\u00eds y para hacer algo tienen que moverse de acuerdo con los protocolos que existen como con los diplom\u00e1ticos, no pueden venir a exigir ellos, toda la informaci\u00f3n que les da tiene que ir por medio de tratados entre los gobiernos, hay m\u00e1s conflicto para recibir informaci\u00f3n pero s\u00ed les dan porque me avisan por correo lo que se ha logrado y lo que no se ha logrado. Hasta ahorita todo ha quedado en investigaci\u00f3n y en acuerdos.<\/p>\n<div id=\"arcad-feature-f0fC8aWmUS3R2E\" class=\"b-ads-block\"><\/div>\n<p class=\"ei-articleBody__StyledText-sc-1wmd47a-1 gXgyFY body-paragraph ei-article-body-text\"><i><b>En la comunicaci\u00f3n que mantiene con la Comisi\u00f3n Interamericana de los Derechos Humanos y la SIP, \u00bfqu\u00e9 le informan?<\/b><\/i><\/p>\n<p class=\"ei-articleBody__StyledText-sc-1wmd47a-1 gXgyFY body-paragraph ei-article-body-text\"><b>JAJH:<\/b>\u00a0Hasta ahorita lo mismo que a ellos les han dado me lo han informado a m\u00ed, no ha habido adelantos ni avances significativos que uno piense que va por buen camino, nom\u00e1s que est\u00e1n investigando, eso fue lo \u00faltimo, por eso nos exigieron m\u00e1s el ADN por un lado o por otro buscarle, vivo o muerto.<\/p>\n<p class=\"ei-articleBody__StyledText-sc-1wmd47a-1 gXgyFY body-paragraph ei-article-body-text\"><i><b>\u00bfHan tenido alguna comunicaci\u00f3n con la presidenta Claudia Sheinbaum o con su equipo?<\/b><\/i><\/p>\n<p class=\"ei-articleBody__StyledText-sc-1wmd47a-1 gXgyFY body-paragraph ei-article-body-text\"><b>JAJH:<\/b>\u00a0No, hasta ahorita no. Lo que s\u00ed es que la Comisi\u00f3n Nacional de B\u00fasqueda ha venido aqu\u00ed a decirnos que anda buscando a Alfredo y que lo van a encontrar, pero nom\u00e1s abren los carros, no se bajan, los que le andan echando \u2018fregazos\u2019 son las mujeres y los familiares de los que andan buscando, pero ellos ni de broma se bajan, por eso est\u00e1n enojados y se agarran cada rato. Tambi\u00e9n los familiares de las personas desaparecidas andan sufriendo porque no les alcanza lo que tienen, lo que necesitan para esclarecer, porque ellos ya no quieren justicia, quieren saber de ellos y tienen raz\u00f3n porque la justicia nunca va a llegar, van a vivir como nosotros, todo el tiempo esperando, esperando, nunca les va a llegar. S\u00ed han trabajado, s\u00ed han hecho, uno no puede decir que no o quejarse de que no han trabajado, la gente que ha entrado a esclarecer el caso de Alfredo pero no se ha logrado nada. Lo desaparecieron de la faz de la tierra.<\/p>\n<p class=\"ei-articleBody__StyledText-sc-1wmd47a-1 gXgyFY body-paragraph ei-article-body-text\"><i><b>\u00bfTienen alg\u00fan mensaje para la presidenta Claudia Sheibaum?<\/b><\/i><\/p>\n<p class=\"ei-articleBody__StyledText-sc-1wmd47a-1 gXgyFY body-paragraph ei-article-body-text\"><b>JAJH:<\/b>\u00a0Que sigan en la b\u00fasqueda, que no dejen abandonado el caso de Alfredo, si posiblemente lo llegaran a saber o encontrar que nos den la informaci\u00f3n verdadera, nosotros estamos prestos para cualquier resultado de sus investigaciones, que nos los den, pero que lo busquen, que sigan en donde est\u00e1n. El caso de Alfredo representa algo simb\u00f3lico para ellos porque fueron los que empezaron con el trabajo, era primordial lo de Alfredo y han pasado generaciones de presidentes y nunca han dejado el caso, le han perdido inter\u00e9s pero el caso est\u00e1 ah\u00ed, es una llaga para ellos. Es lo \u00fanico que les pedir\u00eda que sigan con el caso, que no nos abandonen y as\u00ed como a nosotros, que no abandone los dem\u00e1s casos de los desaparecidos porque lo de nosotros fue como un precursor, la desaparici\u00f3n de Alfredo, y ya despu\u00e9s se vino lo dem\u00e1s, ya lo hicieron como algo normal desaparecer gente, si no fue el primer caso, fue de los primeros y ya despu\u00e9s de ah\u00ed se vino una \u201cepidemia\u201d de desaparecidos grandes.<\/p>\n<p class=\"ei-articleBody__StyledText-sc-1wmd47a-1 gXgyFY body-paragraph ei-article-body-text\"><i><b>\u00bfConsidera que sigue vivo el legado de Alfredo Jim\u00e9nez Mota a 20 a\u00f1os de su desaparici\u00f3n?<\/b><\/i><\/p>\n<p class=\"ei-articleBody__StyledText-sc-1wmd47a-1 gXgyFY body-paragraph ei-article-body-text\"><b>JAJH:\u00a0<\/b>S\u00ed, de que est\u00e1 vivo su legado est\u00e1 vivo, su legado qued\u00f3 en una trayectoria fugaz, muy peque\u00f1a pero contundente. Su legado va a permanecer por muchos a\u00f1os, a lo mejor hasta despu\u00e9s de que muera su familia, est\u00e1 duro, hasta la fecha mucha gente se acuerda lo que ha pasado con \u00e9l con orgullo y no ha habido avances, no ha habido nada, pero s\u00ed ten\u00eda un historial muy grande dentro del periodismo, de su profesi\u00f3n, dentro de su trabajo, todo mundo dec\u00eda que era un periodista muy valiente porque \u00e9l solo se avent\u00f3 a todo, nunca nos involucr\u00f3 ni a nosotros, \u00e9l dec\u00eda que era de Sinaloa, nunca dijo que era de Sonora, a nosotros no nos conoc\u00edan, nadie sab\u00eda de nosotros hasta el d\u00eda que pas\u00f3 esto, nos ocult\u00f3 muy bien.<\/p>\n<p class=\"ei-articleBody__StyledText-sc-1wmd47a-1 gXgyFY body-paragraph ei-article-body-text\"><i><b>Usted ha comentado que quiz\u00e1s los que participaron en la desaparici\u00f3n de su hijo ya no est\u00e1n vivos, \u00bfcree que eso haya dificultado a las autoridades la localizaci\u00f3n de su hijo Alfredo Jim\u00e9nez Mota?<\/b><\/i><\/p>\n<p class=\"ei-articleBody__StyledText-sc-1wmd47a-1 gXgyFY body-paragraph ei-article-body-text\"><b>JAJH:<\/b>\u00a0Puede ser una raz\u00f3n porque esas personas pudieron haber aportado algo de lo que sab\u00edan pero ya no est\u00e1n, porque esa gente que le echaba la bronca al crimen organizado ya se fue de aqu\u00ed, los mataron o se desaparecieron y eran los que pudieron haber aportado alguna informaci\u00f3n. Los desaparecieron, los mataron o qui\u00e9n sabe qu\u00e9 har\u00edan con ellos para que no hablaran cu\u00e1l hab\u00eda sido el m\u00f3vil de la desaparici\u00f3n de Alfredo y qui\u00e9nes fueron culpables de ese crimen y de lo m\u00e1s feo porque encuentras a una persona y quitarles su libertad, es quitarle todo, muy feo. No hemos sabido ni sabremos, ya 20 a\u00f1os, el que estaba m\u00e1s pesado era Colosio y hasta la fecha todav\u00eda no saben qui\u00e9n lo mat\u00f3, seg\u00fan tienen al actor intelectual, pero \u00e9l dice que no lo mat\u00f3 y ya tiene m\u00e1s a\u00f1os.<\/p>\n<p class=\"ei-articleBody__StyledText-sc-1wmd47a-1 gXgyFY body-paragraph ei-article-body-text\"><i><b>\u00bfVe mayor riesgo en la profesi\u00f3n reporteril en la actualidad que hace 20 a\u00f1os?<\/b><\/i><\/p>\n<p class=\"ei-articleBody__StyledText-sc-1wmd47a-1 gXgyFY body-paragraph ei-article-body-text\"><b>JAJH:<\/b>\u00a0Est\u00e1, pero ahora porque ya no tienen ni defensa ni nada, (ni) qui\u00e9n los defienda porque hay mucha impunidad, mucha agresi\u00f3n a los medios de comunicaci\u00f3n, mejor los callan, que no hablen para que la vida del pueblo o la ciudad siga normal pero est\u00e1 m\u00e1s fuerte ahora, verdaderamente est\u00e1 m\u00e1s feo, no existe justicia ni defensa para ser agredido, no necesitan mucho para agredirlos. Como padre de un reportero de la nota roja les dir\u00eda que no se metieran ah\u00ed, pero hay personas que est\u00e1n dedicadas a su profesi\u00f3n y eso es cortarles las alas a una persona que va a cumplir con su deber de informar a la sociedad de lo que pasa en su entorno, cualquier informaci\u00f3n.<\/p>\n<p>&nbsp;<\/p>\n<p>Fuente: El Imparcial<\/p>\n","protected":false},"excerpt":{"rendered":"<p>Los padres y hermana del periodista desaparecido\u00a0el 2 de abril del 2005 en Hermosillo,\u00a0Alfredo Jim\u00e9nez Mota, est\u00e1n listos para recibir cualquier resultado de las investigaciones\u00a0que realizan la Fiscal\u00eda General de la Rep\u00fablica (FGR) y la Comisi\u00f3n Nacional de B\u00fasqueda. Jos\u00e9 Alfredo Jim\u00e9nez Hern\u00e1ndez,\u00a0padre del reportero\u00a0especializado en temas de seguridad,\u00a0declar\u00f3 que esperan saber qu\u00e9 pas\u00f3 y [&hellip;]<\/p>\n","protected":false},"author":2,"featured_media":213709,"comment_status":"closed","ping_status":"closed","sticky":false,"template":"","format":"standard","meta":{"footnotes":""},"categories":[12870,178],"tags":[12865,12869],"class_list":["post-213708","post","type-post","status-publish","format-standard","has-post-thumbnail","hentry","category-destacadas","category-local","tag-destacadas","tag-local"],"jetpack_featured_media_url":"https:\/\/rnoticias.com.mx\/Portal\/wp-content\/uploads\/2025\/04\/0001857455.webp","amp_enabled":true,"_links":{"self":[{"href":"https:\/\/rnoticias.com.mx\/Portal\/wp-json\/wp\/v2\/posts\/213708","targetHints":{"allow":["GET"]}}],"collection":[{"href":"https:\/\/rnoticias.com.mx\/Portal\/wp-json\/wp\/v2\/posts"}],"about":[{"href":"https:\/\/rnoticias.com.mx\/Portal\/wp-json\/wp\/v2\/types\/post"}],"author":[{"embeddable":true,"href":"https:\/\/rnoticias.com.mx\/Portal\/wp-json\/wp\/v2\/users\/2"}],"replies":[{"embeddable":true,"href":"https:\/\/rnoticias.com.mx\/Portal\/wp-json\/wp\/v2\/comments?post=213708"}],"version-history":[{"count":1,"href":"https:\/\/rnoticias.com.mx\/Portal\/wp-json\/wp\/v2\/posts\/213708\/revisions"}],"predecessor-version":[{"id":213710,"href":"https:\/\/rnoticias.com.mx\/Portal\/wp-json\/wp\/v2\/posts\/213708\/revisions\/213710"}],"wp:featuredmedia":[{"embeddable":true,"href":"https:\/\/rnoticias.com.mx\/Portal\/wp-json\/wp\/v2\/media\/213709"}],"wp:attachment":[{"href":"https:\/\/rnoticias.com.mx\/Portal\/wp-json\/wp\/v2\/media?parent=213708"}],"wp:term":[{"taxonomy":"category","embeddable":true,"href":"https:\/\/rnoticias.com.mx\/Portal\/wp-json\/wp\/v2\/categories?post=213708"},{"taxonomy":"post_tag","embeddable":true,"href":"https:\/\/rnoticias.com.mx\/Portal\/wp-json\/wp\/v2\/tags?post=213708"}],"curies":[{"name":"wp","href":"https:\/\/api.w.org\/{rel}","templated":true}]}}