{"id":213687,"date":"2025-04-02T16:11:51","date_gmt":"2025-04-02T16:11:51","guid":{"rendered":"https:\/\/rnoticias.com.mx\/Portal\/?p=213687"},"modified":"2025-04-02T16:11:51","modified_gmt":"2025-04-02T16:11:51","slug":"realizan-sexta-edicion-del-foro-universitario-de-donacion-de-organos","status":"publish","type":"post","link":"https:\/\/rnoticias.com.mx\/Portal\/2025\/04\/02\/realizan-sexta-edicion-del-foro-universitario-de-donacion-de-organos\/","title":{"rendered":"Realizan sexta edici\u00f3n del Foro Universitario de Donaci\u00f3n de \u00d3rganos"},"content":{"rendered":"<p>Con un emotivo reconocimiento a quienes se esfuerzan, d\u00eda con d\u00eda, para lograr una formaci\u00f3n disciplinar y human\u00edstica de calidad, este martes, 1 de abril, la rectora Mar\u00eda Rita Plancarte Mart\u00ednez inaugur\u00f3 la sexta edici\u00f3n del Foro Universitario de Donaci\u00f3n de \u00d3rganos.<\/p>\n<p>En el acto inaugural de este evento que se realiza en el Auditorio \u201cAlfredo Padilla Barba\u201d del Departamento de Medicina y Ciencias de la Salud, expres\u00f3 sentirse orgullosa de acompa\u00f1ar a la comunidad estudiantil y acad\u00e9mica en cada uno de las actividades que complementan la formaci\u00f3n de los futuros m\u00e9dicos, no solo en el \u00e1mbito t\u00e9cnico, sino tambi\u00e9n en el m\u00e1s importante: el sentido humano.<\/p>\n<p>\u201cEstos foros, que buscan crear conciencia sobre la importancia de la donaci\u00f3n de \u00f3rganos y de sangre, representan para ustedes un espacio \u00fanico y particular, distinto al que reciben otros j\u00f3venes en su formaci\u00f3n en la misma disciplina.<\/p>\n<p>\u201cEso los hace especiales, los distingue en la Universidad y nos permite demostrar que nuestra formaci\u00f3n no es \u00fanicamente disciplinar, sino tambi\u00e9n humana y solidaria, una formaci\u00f3n que piensa en el futuro de quienes sufren y de aquellos que pueden encontrar alivio mediante la donaci\u00f3n de \u00f3rganos\u201d, reiter\u00f3.<\/p>\n<p>Plancarte Mart\u00ednez destac\u00f3 la importancia de impulsar la cultura de la donaci\u00f3n, registrarse como donadores y fomentar esta pr\u00e1ctica, pues significa generar esperanza para quienes la han perdido. Asimismo, agradeci\u00f3 a quienes han tenido la generosidad de donar, permitiendo que su vida trascienda en otras personas.<\/p>\n<p>Por \u00faltimo, invit\u00f3 a los j\u00f3venes a continuar con la solidaridad que los caracteriza, as\u00ed como con su entrega y compromiso social en la disciplina que han elegido por vocaci\u00f3n, dese\u00e1ndoles el mayor de los \u00e9xitos.<\/p>\n<p>&nbsp;<\/p>\n<p><strong>La esperanza para muchos<\/strong><\/p>\n<p>La bienvenida al 6to. Foro Universitario de Donaci\u00f3n de \u00d3rganos, que esta vez lleva como lema \u201cCreando conciencia sobre la donaci\u00f3n de \u00f3rganos y tejidos\u201d, estuvo a cargo de Paulina Carbajal Rosas, l\u00edder del comit\u00e9 organizador, quien resalt\u00f3 la relevancia del tema, esencial para la salud p\u00fablica y la vida de miles de personas.<\/p>\n<p>\u201cLa donaci\u00f3n de \u00f3rganos representa la esperanza para muchos pacientes que enfrentan enfermedades terminales\u201d, expres\u00f3.<\/p>\n<p>Se\u00f1al\u00f3 que en esta regi\u00f3n a\u00fan persisten desaf\u00edos que limitan la conciencia y la participaci\u00f3n en los programas de donaci\u00f3n, como la desinformaci\u00f3n, la falta de una cultura de donaci\u00f3n y los mitos o temores infundados.<\/p>\n<p>Por ello, enfatiz\u00f3 que este foro surge como una iniciativa fundamental para promover el conocimiento en torno a la donaci\u00f3n de \u00f3rganos, a trav\u00e9s de la participaci\u00f3n de expertos y, sobre todo, de testimonios y experiencias personales.<\/p>\n<p>Las actividades se llevaron a cabo a lo largo de esta ma\u00f1ana y hasta pasar el mediod\u00eda y, en la jornada, se pudieron revisar distintas tem\u00e1ticas, como \u201cDonaci\u00f3n de \u00f3rganos en M\u00e9xico, evoluci\u00f3n en los \u00faltimos 10 a\u00f1os\u201d, \u201cTrasplantes de tejidos m\u00e1s all\u00e1 de las corneas\u201d, entre otros.<\/p>\n<p>Durante la ceremonia inaugural, estuvieron presentes en el pres\u00eddium el director General del Centro Estatal de Trasplantes, Abel Puentes Camacho; Jorge Rub\u00e9n B\u00e9jar Cornejo, director del Hospital General del Estado de Sonora; Sayil Alejandra de la Torre Oth\u00f3n, secretaria Administrativa del departamento; Gonzalo Armando Navarro Armend\u00e1riz, coordinador de la Licenciatura en Medicina, campus Hermosillo; y Ernesto Duarte Tagles, promotor de la donaci\u00f3n de \u00f3rganos y del foro, adem\u00e1s de invitados especiales.<\/p>\n<p>&nbsp;<\/p>\n<p>&nbsp;<\/p>\n<p>&nbsp;<\/p>\n","protected":false},"excerpt":{"rendered":"<p>Con un emotivo reconocimiento a quienes se esfuerzan, d\u00eda con d\u00eda, para lograr una formaci\u00f3n disciplinar y human\u00edstica de calidad, este martes, 1 de abril, la rectora Mar\u00eda Rita Plancarte Mart\u00ednez inaugur\u00f3 la sexta edici\u00f3n del Foro Universitario de Donaci\u00f3n de \u00d3rganos. En el acto inaugural de este evento que se realiza en el Auditorio [&hellip;]<\/p>\n","protected":false},"author":2,"featured_media":213688,"comment_status":"closed","ping_status":"closed","sticky":false,"template":"","format":"standard","meta":{"footnotes":""},"categories":[12870,178],"tags":[12865,12869],"class_list":["post-213687","post","type-post","status-publish","format-standard","has-post-thumbnail","hentry","category-destacadas","category-local","tag-destacadas","tag-local"],"jetpack_featured_media_url":"https:\/\/rnoticias.com.mx\/Portal\/wp-content\/uploads\/2025\/04\/DONANDO-EL-FUTURO-1.jpg","amp_enabled":true,"_links":{"self":[{"href":"https:\/\/rnoticias.com.mx\/Portal\/wp-json\/wp\/v2\/posts\/213687","targetHints":{"allow":["GET"]}}],"collection":[{"href":"https:\/\/rnoticias.com.mx\/Portal\/wp-json\/wp\/v2\/posts"}],"about":[{"href":"https:\/\/rnoticias.com.mx\/Portal\/wp-json\/wp\/v2\/types\/post"}],"author":[{"embeddable":true,"href":"https:\/\/rnoticias.com.mx\/Portal\/wp-json\/wp\/v2\/users\/2"}],"replies":[{"embeddable":true,"href":"https:\/\/rnoticias.com.mx\/Portal\/wp-json\/wp\/v2\/comments?post=213687"}],"version-history":[{"count":1,"href":"https:\/\/rnoticias.com.mx\/Portal\/wp-json\/wp\/v2\/posts\/213687\/revisions"}],"predecessor-version":[{"id":213689,"href":"https:\/\/rnoticias.com.mx\/Portal\/wp-json\/wp\/v2\/posts\/213687\/revisions\/213689"}],"wp:featuredmedia":[{"embeddable":true,"href":"https:\/\/rnoticias.com.mx\/Portal\/wp-json\/wp\/v2\/media\/213688"}],"wp:attachment":[{"href":"https:\/\/rnoticias.com.mx\/Portal\/wp-json\/wp\/v2\/media?parent=213687"}],"wp:term":[{"taxonomy":"category","embeddable":true,"href":"https:\/\/rnoticias.com.mx\/Portal\/wp-json\/wp\/v2\/categories?post=213687"},{"taxonomy":"post_tag","embeddable":true,"href":"https:\/\/rnoticias.com.mx\/Portal\/wp-json\/wp\/v2\/tags?post=213687"}],"curies":[{"name":"wp","href":"https:\/\/api.w.org\/{rel}","templated":true}]}}