{"id":213675,"date":"2025-04-02T16:04:01","date_gmt":"2025-04-02T16:04:01","guid":{"rendered":"https:\/\/rnoticias.com.mx\/Portal\/?p=213675"},"modified":"2025-04-02T16:04:01","modified_gmt":"2025-04-02T16:04:01","slug":"sergio-ramos-lanzara-cancion-en-mexico-lo-acompanara-carin-leon","status":"publish","type":"post","link":"https:\/\/rnoticias.com.mx\/Portal\/2025\/04\/02\/sergio-ramos-lanzara-cancion-en-mexico-lo-acompanara-carin-leon\/","title":{"rendered":"Sergio Ramos lanzar\u00e1 canci\u00f3n en M\u00e9xico; lo acompa\u00f1ar\u00e1 Car\u00edn Le\u00f3n"},"content":{"rendered":"<p>Desde su llegada a M\u00e9xico,\u00a0<strong>Sergio Ramos\u00a0<\/strong>se ha convertido en un referente de la Liga MX, mostrando su calidad y talento en cada oportunidad que ha tenido de salir a la cancha.<\/p>\n<p>Luego de algunas semanas en el pa\u00eds, el emblem\u00e1tico defensor espa\u00f1ol ha compartido su admiraci\u00f3n por el pa\u00eds azteca, agradeciendo las muestras de cari\u00f1o que ha recibido por parte de los seguidores.<\/p>\n<p>Una muestra se esa comodidad que ha tenido en la ciudad de\u00a0<strong>Monterrey<\/strong>, quedar\u00eda reflejada en una canci\u00f3n que estar\u00eda por lanzar el campe\u00f3n del mundo en 2010.<\/p>\n<div id=\"eldia-2065631085\" class=\"eldia-contenido eldia-target\" data-eldia-trackid=\"1573641\" data-eldia-trackbid=\"1\"><\/div>\n<p>De acuerdo con informaci\u00f3n del cantante\u00a0<strong>Car\u00edn Le\u00f3n<\/strong>, desde hace alg\u00fan tiempo ambos se encuentran trabajando en la realizaci\u00f3n de un nuevo \u00e9xito musical, que estar\u00eda listo antes de que termine el 2025.<\/p>\n<p><em><strong>\u201cEstamos trabajando en algo juntitos. Es una locura. Es una gran canci\u00f3n, canta muy bien\u201d<\/strong><\/em>, mencion\u00f3 el famoso artista mexicano en entrevista con Telecinco.<\/p>\n<p>Entre los detalles que comparti\u00f3 Le\u00f3n, que la pieza fue escrita por el central de Rayados de Monterrey, lo que de inmediato gener\u00f3 la sorpresa de los seguidores en redes sociales.<\/p>\n<div class=\"stream-item stream-item-in-post stream-item-inline-post aligncenter\">\n<div class=\"stream-item-size\"><\/div>\n<\/div>\n<p>Antes de su llegada al futbol mexicano, Sergio Ramos ha presumido en plataformas digitales su admiraci\u00f3n por la m\u00fasica de Car\u00edn Le\u00f3n, con el que tiene una gran amistad.<\/p>\n<p>Luego de la pausa de la fecha\u00a0<strong>FIFA y tras cumplir con su partido de suspensi\u00f3n tras ser expulsado en el partido de Pumas y Monterrey, Sergio Ramos volver\u00e1 a ser elegible por Mart\u00edn Demichelis.<\/strong><\/p>\n<p>Su regreso a la Liga MX se dar\u00eda contra Guadalajara en casa, con la obligaci\u00f3n de recuperar unidades y darle confianza al proyecto de su estratega.<\/p>\n<p>&nbsp;<\/p>\n<p>El Universal<\/p>\n","protected":false},"excerpt":{"rendered":"<p>Desde su llegada a M\u00e9xico,\u00a0Sergio Ramos\u00a0se ha convertido en un referente de la Liga MX, mostrando su calidad y talento en cada oportunidad que ha tenido de salir a la cancha. Luego de algunas semanas en el pa\u00eds, el emblem\u00e1tico defensor espa\u00f1ol ha compartido su admiraci\u00f3n por el pa\u00eds azteca, agradeciendo las muestras de cari\u00f1o [&hellip;]<\/p>\n","protected":false},"author":2,"featured_media":213676,"comment_status":"closed","ping_status":"closed","sticky":false,"template":"","format":"standard","meta":{"footnotes":""},"categories":[188,12870],"tags":[5231,12865],"class_list":["post-213675","post","type-post","status-publish","format-standard","has-post-thumbnail","hentry","category-deportes","category-destacadas","tag-deportes","tag-destacadas"],"jetpack_featured_media_url":"https:\/\/rnoticias.com.mx\/Portal\/wp-content\/uploads\/2025\/04\/gngupucwsaainq5-5eb3e0bd-focus-0.06-0.23-498-423.webp","amp_enabled":true,"_links":{"self":[{"href":"https:\/\/rnoticias.com.mx\/Portal\/wp-json\/wp\/v2\/posts\/213675","targetHints":{"allow":["GET"]}}],"collection":[{"href":"https:\/\/rnoticias.com.mx\/Portal\/wp-json\/wp\/v2\/posts"}],"about":[{"href":"https:\/\/rnoticias.com.mx\/Portal\/wp-json\/wp\/v2\/types\/post"}],"author":[{"embeddable":true,"href":"https:\/\/rnoticias.com.mx\/Portal\/wp-json\/wp\/v2\/users\/2"}],"replies":[{"embeddable":true,"href":"https:\/\/rnoticias.com.mx\/Portal\/wp-json\/wp\/v2\/comments?post=213675"}],"version-history":[{"count":1,"href":"https:\/\/rnoticias.com.mx\/Portal\/wp-json\/wp\/v2\/posts\/213675\/revisions"}],"predecessor-version":[{"id":213677,"href":"https:\/\/rnoticias.com.mx\/Portal\/wp-json\/wp\/v2\/posts\/213675\/revisions\/213677"}],"wp:featuredmedia":[{"embeddable":true,"href":"https:\/\/rnoticias.com.mx\/Portal\/wp-json\/wp\/v2\/media\/213676"}],"wp:attachment":[{"href":"https:\/\/rnoticias.com.mx\/Portal\/wp-json\/wp\/v2\/media?parent=213675"}],"wp:term":[{"taxonomy":"category","embeddable":true,"href":"https:\/\/rnoticias.com.mx\/Portal\/wp-json\/wp\/v2\/categories?post=213675"},{"taxonomy":"post_tag","embeddable":true,"href":"https:\/\/rnoticias.com.mx\/Portal\/wp-json\/wp\/v2\/tags?post=213675"}],"curies":[{"name":"wp","href":"https:\/\/api.w.org\/{rel}","templated":true}]}}