{"id":213672,"date":"2025-04-02T16:03:12","date_gmt":"2025-04-02T16:03:12","guid":{"rendered":"https:\/\/rnoticias.com.mx\/Portal\/?p=213672"},"modified":"2025-04-02T16:03:12","modified_gmt":"2025-04-02T16:03:12","slug":"el-vaticano-conmemora-a-juan-pablo-ii-a-20-anos-de-su-muerte-sin-el-papa-francisco","status":"publish","type":"post","link":"https:\/\/rnoticias.com.mx\/Portal\/2025\/04\/02\/el-vaticano-conmemora-a-juan-pablo-ii-a-20-anos-de-su-muerte-sin-el-papa-francisco\/","title":{"rendered":"El Vaticano conmemora a Juan Pablo II a 20 a\u00f1os de su muerte&#8230; sin el Papa Francisco"},"content":{"rendered":"<p>Este mi\u00e9rcoles 2 de abril,\u00a0<a href=\"https:\/\/www.informador.mx\/ciudad-del-vaticano-t140\" target=\"_blank\" rel=\"noopener\"><strong>El Vaticano<\/strong><\/a>\u00a0conmemor\u00f3 los 20 a\u00f1os de la muerte del papa y santo Juan Pablo II con una misa en la bas\u00edlica de San Pedro, aunque sin la presencia del\u00a0<a href=\"https:\/\/www.informador.mx\/papa-francisco-t8886\" target=\"_blank\" rel=\"noopener\"><strong>Papa Francisco<\/strong><\/a>, que se encuentra convaleciente en su residencia.<\/p>\n<p>La eucarist\u00eda fue presidida por el secretario de Estado vaticano, el cardenal Pietro Parolin, desde el altar papal de la bas\u00edlica, pese a la ausencia del Papa Francisco, que prosigue su convalecencia en su residencia vaticana, la Casa Santa Marta,\u00a0<mark><strong>despu\u00e9s de pasar 38 d\u00edas hospitalizado por sus problemas respiratorios.<\/strong><\/mark><\/p>\n<p>Adem\u00e1s en la ceremonia particip\u00f3 una delegaci\u00f3n del gobierno de Italia encabezada por la primera ministra, Giorgia Meloni, as\u00ed como otra representaci\u00f3n de Polonia y el que fuera secretario durante d\u00e9cadas del papa polaco, el cardenal Stanislaw Dziwisz.<\/p>\n<p><a href=\"https:\/\/www.informador.mx\/juan-pablo-ii-t4227\" target=\"_blank\" rel=\"noopener\"><strong>Juan Pablo II<\/strong><\/a>\u00a0<strong>rein\u00f3 en un largo y popular pontificado que dur\u00f3 casi 27 a\u00f1os, hasta su muerte la noche del 2 de abril de 2005. Le sucedi\u00f3 Benedicto XVI, que lo declar\u00f3 beato en 2011, mientras que Francisco ofici\u00f3 su canonizaci\u00f3n final en abril de 2014.<\/strong><\/p>\n<p>Parolin, encargado de la homil\u00eda por la indisponibilidad del pont\u00edfice argentino,\u00a0<mark><strong>lo record\u00f3 hoy como &#8220;un santo&#8221; y un &#8220;peregrino incansable&#8221; por sus m\u00faltiples viajes a lo largo y ancho del mundo que introdujeron la Iglesia en el tercer milenio.<\/strong><\/mark><\/p>\n<p>Pero, sobre todo, porque se dirigi\u00f3 &#8220;con firmeza&#8221; a los gobernantes de su tiempo para recordarles su &#8220;responsabilidad en la defensa de la justicia, la dignidad de las personas humanas y la paz&#8221;.<\/p>\n<p>&#8220;Recordamos con gratitud y admiraci\u00f3n su incansable servicio por la paz, sus llamamientos apasionados, las iniciativas diplom\u00e1ticas para tratar hasta el final de evitar guerras. Y eso hasta el extremo de su vida, y aunque muchos de sus llamados lamentablemente no eran escuchados, como sucedi\u00f3 a los grandes profetas&#8221;, dijo Parolin.<\/p>\n<p>Y concluy\u00f3: &#8220;Santo Padre Juan Pablo II bendice esta iglesia del Se\u00f1or en camino para que sea peregrina de esperanza. Bendice esta humanidad lacerada y desorientada para que retome la v\u00eda de su dignidad y de su alt\u00edsima vocaci\u00f3n y reconozca la riqueza de la misericordia y del amor de dios&#8221;, implor\u00f3 el purpurado.<\/p>\n<p>Antes, hab\u00eda intervenido el cardenal Dziwisz, de 85 a\u00f1os, y quien destac\u00f3 que Wojtyla &#8220;se acerc\u00f3 al coraz\u00f3n de millones de fieles de todo el mundo&#8221;.<\/p>\n<p>&#8220;Creemos firmemente que \u00e9l mismo, ahora, nos mira desde las alturas, apoyando a toda la Iglesia en su peregrinaje hacia la eternidad&#8221;, dijo el arzobispo em\u00e9rito de Cracovia.<\/p>\n<p>Asimismo, monse\u00f1or Dziwisz record\u00f3 al Papa Francisco en estos momentos de enfermedad.<\/p>\n<p><strong>&#8220;Nuestro coraz\u00f3n est\u00e1 con al Santo Padre Francisco. Sabemos que ahora se une espiritualmente a nosotros. Rezamos por su salud. Que el Se\u00f1or le d\u00e9 la fuerza necesaria para guiar la Iglesia peregrina en este A\u00f1o jubilar por la esperanza, en estos tiempos dif\u00edciles, tambi\u00e9n para el mundo&#8221;,<\/strong>\u00a0termin\u00f3.<\/p>\n<p>La bas\u00edlica de San Pedro acogi\u00f3 a miles de fieles que acudieron para homenajear al papa y santo polaco 20 a\u00f1os despu\u00e9s de su fallecimiento y en cuya tumba, en una de las capillas del templo, depositaron varios ramos de flores.<\/p>\n<p>Al final de la misa, se encendi\u00f3 un cirio sobre la tumba de Juan Pablo II, ante la presencia de la Curia Romana y de la primera ministra italiana, conocida admiradora del santo polaco.<\/p>\n","protected":false},"excerpt":{"rendered":"<p>Este mi\u00e9rcoles 2 de abril,\u00a0El Vaticano\u00a0conmemor\u00f3 los 20 a\u00f1os de la muerte del papa y santo Juan Pablo II con una misa en la bas\u00edlica de San Pedro, aunque sin la presencia del\u00a0Papa Francisco, que se encuentra convaleciente en su residencia. La eucarist\u00eda fue presidida por el secretario de Estado vaticano, el cardenal Pietro Parolin, [&hellip;]<\/p>\n","protected":false},"author":2,"featured_media":213673,"comment_status":"closed","ping_status":"closed","sticky":false,"template":"","format":"standard","meta":{"footnotes":""},"categories":[12870,182],"tags":[12865,12871],"class_list":["post-213672","post","type-post","status-publish","format-standard","has-post-thumbnail","hentry","category-destacadas","category-internacional","tag-destacadas","tag-internacional"],"jetpack_featured_media_url":"https:\/\/rnoticias.com.mx\/Portal\/wp-content\/uploads\/2025\/04\/9.webp","amp_enabled":true,"_links":{"self":[{"href":"https:\/\/rnoticias.com.mx\/Portal\/wp-json\/wp\/v2\/posts\/213672","targetHints":{"allow":["GET"]}}],"collection":[{"href":"https:\/\/rnoticias.com.mx\/Portal\/wp-json\/wp\/v2\/posts"}],"about":[{"href":"https:\/\/rnoticias.com.mx\/Portal\/wp-json\/wp\/v2\/types\/post"}],"author":[{"embeddable":true,"href":"https:\/\/rnoticias.com.mx\/Portal\/wp-json\/wp\/v2\/users\/2"}],"replies":[{"embeddable":true,"href":"https:\/\/rnoticias.com.mx\/Portal\/wp-json\/wp\/v2\/comments?post=213672"}],"version-history":[{"count":1,"href":"https:\/\/rnoticias.com.mx\/Portal\/wp-json\/wp\/v2\/posts\/213672\/revisions"}],"predecessor-version":[{"id":213674,"href":"https:\/\/rnoticias.com.mx\/Portal\/wp-json\/wp\/v2\/posts\/213672\/revisions\/213674"}],"wp:featuredmedia":[{"embeddable":true,"href":"https:\/\/rnoticias.com.mx\/Portal\/wp-json\/wp\/v2\/media\/213673"}],"wp:attachment":[{"href":"https:\/\/rnoticias.com.mx\/Portal\/wp-json\/wp\/v2\/media?parent=213672"}],"wp:term":[{"taxonomy":"category","embeddable":true,"href":"https:\/\/rnoticias.com.mx\/Portal\/wp-json\/wp\/v2\/categories?post=213672"},{"taxonomy":"post_tag","embeddable":true,"href":"https:\/\/rnoticias.com.mx\/Portal\/wp-json\/wp\/v2\/tags?post=213672"}],"curies":[{"name":"wp","href":"https:\/\/api.w.org\/{rel}","templated":true}]}}