{"id":213666,"date":"2025-04-02T15:46:50","date_gmt":"2025-04-02T15:46:50","guid":{"rendered":"https:\/\/rnoticias.com.mx\/Portal\/?p=213666"},"modified":"2025-04-02T15:46:50","modified_gmt":"2025-04-02T15:46:50","slug":"gobierno-de-sonora-abre-convocatoria-para-brindar-insumos-alimentarios-a-comedores-populares","status":"publish","type":"post","link":"https:\/\/rnoticias.com.mx\/Portal\/2025\/04\/02\/gobierno-de-sonora-abre-convocatoria-para-brindar-insumos-alimentarios-a-comedores-populares\/","title":{"rendered":"Gobierno de Sonora abre convocatoria para brindar insumos alimentarios a comedores populares"},"content":{"rendered":"<p>Hermosillo, Sonora; 02 de abril de 2025.- Para garantizar que m\u00e1s personas en situaci\u00f3n de vulnerabilidad tengan acceso a una alimentaci\u00f3n suficiente y de calidad, el Gobierno de Sonora, a trav\u00e9s del Sistema para el Desarrollo Integral de la Familia en la entidad (DIF Sonora), lanz\u00f3 la convocatoria del Programa de Comedores Populares 2025.<\/p>\n<p>Esta convocatoria est\u00e1 dirigida a los Sistemas DIF Municipales, organizaciones de la sociedad civil, grupos de desarrollo comunitario e instituciones de educaci\u00f3n media superior y superior en el estado.<\/p>\n<p>La directora general de DIF Sonora, Lizeth V\u00e1squez Ochoa, destac\u00f3 que este programa busca apoyar a ni\u00f1as, ni\u00f1os, estudiantes, personas adultas mayores, hijas e hijos de jornaleros, migrantes y comunidades ind\u00edgenas, asegurando que reciban alimentos nutritivos en espacios adecuados para su preparaci\u00f3n y distribuci\u00f3n.<\/p>\n<p>\u201cSabemos que una alimentaci\u00f3n equilibrada es clave para el bienestar de quienes m\u00e1s lo necesitan. Con esta convocatoria, buscamos que m\u00e1s comedores comunitarios cuenten con los insumos necesarios para seguir brindando apoyo alimentario de manera eficiente y con calidad, al mismo tiempo que cumplimos con el compromiso de nuestro gobernador de reducir la pobreza alimentaria en la entidad\u201d, se\u00f1al\u00f3 V\u00e1squez Ochoa.<\/p>\n<p>Podr\u00e1n postularse los comedores populares que ya se encuentren en operaci\u00f3n, proporcionando al menos una comida diaria y que cuenten con un padr\u00f3n m\u00ednimo de 40 beneficiarios. Adem\u00e1s, deber\u00e1n tener un espacio adecuado y equipamiento b\u00e1sico para la preparaci\u00f3n y distribuci\u00f3n de los alimentos.<\/p>\n<p>La convocatoria para la recepci\u00f3n de propuestas estar\u00e1 abierta del 1 al 15 de abril de 2025. Las instituciones interesadas deber\u00e1n presentar la documentaci\u00f3n completa en formato f\u00edsico en los Sistemas DIF Municipales de su localidad o directamente en las oficinas de DIF Sonora, ubicadas en Bulevar Luis Encinas Johnson esquina con Francisco Monteverde s\/n, Col. San Benito, Hermosillo, Sonora, en un horario de 08:00 a 15:00 horas, de lunes a viernes.<\/p>\n<p>Los insumos ser\u00e1n otorgados a los comedores que cumplan con los requisitos establecidos en la convocatoria, la cual puede consultarse en\u00a0<a href=\"https:\/\/dif.sonora.gob.mx\/\" target=\"_blank\" rel=\"noopener\" data-saferedirecturl=\"https:\/\/www.google.com\/url?q=https:\/\/dif.sonora.gob.mx&amp;source=gmail&amp;ust=1743694220341000&amp;usg=AOvVaw2oHMk30AUeoXUoOnPKL8GK\">https:\/\/dif.sonora.gob.mx<\/a>. Para m\u00e1s informaci\u00f3n, se pueden comunicar a trav\u00e9s del correo electr\u00f3nico:\u00a0comedorespopularesdifsonora@<a href=\"http:\/\/gmail.com\/\" target=\"_blank\" rel=\"noopener\" data-saferedirecturl=\"https:\/\/www.google.com\/url?q=http:\/\/gmail.com&amp;source=gmail&amp;ust=1743694220341000&amp;usg=AOvVaw2EVowWFvCdAdZNpDxsWayY\">gm<wbr \/>ail.com<\/a>\u00a0o al tel\u00e9fono de la Direcci\u00f3n de Programas Alimentarios y Desarrollo Comunitario: (662) 109 2600.<\/p>\n","protected":false},"excerpt":{"rendered":"<p>Hermosillo, Sonora; 02 de abril de 2025.- Para garantizar que m\u00e1s personas en situaci\u00f3n de vulnerabilidad tengan acceso a una alimentaci\u00f3n suficiente y de calidad, el Gobierno de Sonora, a trav\u00e9s del Sistema para el Desarrollo Integral de la Familia en la entidad (DIF Sonora), lanz\u00f3 la convocatoria del Programa de Comedores Populares 2025. Esta [&hellip;]<\/p>\n","protected":false},"author":2,"featured_media":213667,"comment_status":"closed","ping_status":"closed","sticky":false,"template":"","format":"standard","meta":{"footnotes":""},"categories":[12870,178],"tags":[12865,12869],"class_list":["post-213666","post","type-post","status-publish","format-standard","has-post-thumbnail","hentry","category-destacadas","category-local","tag-destacadas","tag-local"],"jetpack_featured_media_url":"https:\/\/rnoticias.com.mx\/Portal\/wp-content\/uploads\/2025\/04\/unnamed-1-3.jpg","amp_enabled":true,"_links":{"self":[{"href":"https:\/\/rnoticias.com.mx\/Portal\/wp-json\/wp\/v2\/posts\/213666","targetHints":{"allow":["GET"]}}],"collection":[{"href":"https:\/\/rnoticias.com.mx\/Portal\/wp-json\/wp\/v2\/posts"}],"about":[{"href":"https:\/\/rnoticias.com.mx\/Portal\/wp-json\/wp\/v2\/types\/post"}],"author":[{"embeddable":true,"href":"https:\/\/rnoticias.com.mx\/Portal\/wp-json\/wp\/v2\/users\/2"}],"replies":[{"embeddable":true,"href":"https:\/\/rnoticias.com.mx\/Portal\/wp-json\/wp\/v2\/comments?post=213666"}],"version-history":[{"count":1,"href":"https:\/\/rnoticias.com.mx\/Portal\/wp-json\/wp\/v2\/posts\/213666\/revisions"}],"predecessor-version":[{"id":213668,"href":"https:\/\/rnoticias.com.mx\/Portal\/wp-json\/wp\/v2\/posts\/213666\/revisions\/213668"}],"wp:featuredmedia":[{"embeddable":true,"href":"https:\/\/rnoticias.com.mx\/Portal\/wp-json\/wp\/v2\/media\/213667"}],"wp:attachment":[{"href":"https:\/\/rnoticias.com.mx\/Portal\/wp-json\/wp\/v2\/media?parent=213666"}],"wp:term":[{"taxonomy":"category","embeddable":true,"href":"https:\/\/rnoticias.com.mx\/Portal\/wp-json\/wp\/v2\/categories?post=213666"},{"taxonomy":"post_tag","embeddable":true,"href":"https:\/\/rnoticias.com.mx\/Portal\/wp-json\/wp\/v2\/tags?post=213666"}],"curies":[{"name":"wp","href":"https:\/\/api.w.org\/{rel}","templated":true}]}}