{"id":213657,"date":"2025-04-02T15:34:21","date_gmt":"2025-04-02T15:34:21","guid":{"rendered":"https:\/\/rnoticias.com.mx\/Portal\/?p=213657"},"modified":"2025-04-02T15:34:21","modified_gmt":"2025-04-02T15:34:21","slug":"real-madrid-consigue-agonico-pase-a-la-final-de-la-copa-del-rey","status":"publish","type":"post","link":"https:\/\/rnoticias.com.mx\/Portal\/2025\/04\/02\/real-madrid-consigue-agonico-pase-a-la-final-de-la-copa-del-rey\/","title":{"rendered":"Real Madrid consigue ag\u00f3nico pase a la final de la Copa del Rey"},"content":{"rendered":"<p>El Real Madrid estuvo cerca de ser eliminado en casa de nuevo por la Real Sociedad en la Copa del Rey. Pero sali\u00f3 adelante en el tiempo extra y se instal\u00f3 en su segunda final en tres a\u00f1os.<\/p>\n<p><strong>Antonio\u00a0Rudiger\u00a0anot\u00f3 el gol decisivo en el tiempo extra en el estadio Santiago\u00a0Bernab\u00e9u\u00a0para que el gigante espa\u00f1ol avanzara con un marcador global de 5-4.<\/strong><\/p>\n<p>El Madrid hab\u00eda ganado el partido de ida por 1-0 en febrero, pero\u00a0<strong>la Real Sociedad oblig\u00f3 al tiempo extra despu\u00e9s de que Mikel Oyarzabal anot\u00f3 el 4-3 en el tiempo de descuento del segundo tiempo.<\/strong><\/p>\n<p>Ambos equipos marcaron dos veces despu\u00e9s de los 80 minutos en el tiempo regular.<\/p>\n<p>\u201cNunca me he visto fuera, porque en el Bernab\u00e9u todo puede pasar, sobre todo, cuando tenemos que remontar. Nunca bajamos los brazos, la afici\u00f3n apoya, nos ayuda mucho\u201d, dijo el t\u00e9cnico madridista Carlo Ancelotti. \u201cNunca nos rendimos, en nuestra casa y con nuestra afici\u00f3n\u201d.<\/p>\n<p><strong>El gol de Rudiger para el 4-4 en el tiempo extra lleg\u00f3 con un cabezazo tras un tiro de esquina<\/strong>\u00a0ejecutado por Arda Guler a los 115 minutos.<\/p>\n<p>\u201cEs duro que en esos minutos finales, de c\u00f3rner, de aquella manera, pues te ganen\u201d, dijo Oyarzabal acerca del tanto de Rudiger. \u201cUna pena ahora, momento duro\u201d. agreg\u00f3.<\/p>\n","protected":false},"excerpt":{"rendered":"<p>El Real Madrid estuvo cerca de ser eliminado en casa de nuevo por la Real Sociedad en la Copa del Rey. Pero sali\u00f3 adelante en el tiempo extra y se instal\u00f3 en su segunda final en tres a\u00f1os. Antonio\u00a0Rudiger\u00a0anot\u00f3 el gol decisivo en el tiempo extra en el estadio Santiago\u00a0Bernab\u00e9u\u00a0para que el gigante espa\u00f1ol avanzara [&hellip;]<\/p>\n","protected":false},"author":2,"featured_media":213658,"comment_status":"closed","ping_status":"closed","sticky":false,"template":"","format":"standard","meta":{"footnotes":""},"categories":[188,12870],"tags":[5231,12865],"class_list":["post-213657","post","type-post","status-publish","format-standard","has-post-thumbnail","hentry","category-deportes","category-destacadas","tag-deportes","tag-destacadas"],"jetpack_featured_media_url":"https:\/\/rnoticias.com.mx\/Portal\/wp-content\/uploads\/2025\/04\/f960x540-289876_363951_5050.webp","amp_enabled":true,"_links":{"self":[{"href":"https:\/\/rnoticias.com.mx\/Portal\/wp-json\/wp\/v2\/posts\/213657","targetHints":{"allow":["GET"]}}],"collection":[{"href":"https:\/\/rnoticias.com.mx\/Portal\/wp-json\/wp\/v2\/posts"}],"about":[{"href":"https:\/\/rnoticias.com.mx\/Portal\/wp-json\/wp\/v2\/types\/post"}],"author":[{"embeddable":true,"href":"https:\/\/rnoticias.com.mx\/Portal\/wp-json\/wp\/v2\/users\/2"}],"replies":[{"embeddable":true,"href":"https:\/\/rnoticias.com.mx\/Portal\/wp-json\/wp\/v2\/comments?post=213657"}],"version-history":[{"count":1,"href":"https:\/\/rnoticias.com.mx\/Portal\/wp-json\/wp\/v2\/posts\/213657\/revisions"}],"predecessor-version":[{"id":213659,"href":"https:\/\/rnoticias.com.mx\/Portal\/wp-json\/wp\/v2\/posts\/213657\/revisions\/213659"}],"wp:featuredmedia":[{"embeddable":true,"href":"https:\/\/rnoticias.com.mx\/Portal\/wp-json\/wp\/v2\/media\/213658"}],"wp:attachment":[{"href":"https:\/\/rnoticias.com.mx\/Portal\/wp-json\/wp\/v2\/media?parent=213657"}],"wp:term":[{"taxonomy":"category","embeddable":true,"href":"https:\/\/rnoticias.com.mx\/Portal\/wp-json\/wp\/v2\/categories?post=213657"},{"taxonomy":"post_tag","embeddable":true,"href":"https:\/\/rnoticias.com.mx\/Portal\/wp-json\/wp\/v2\/tags?post=213657"}],"curies":[{"name":"wp","href":"https:\/\/api.w.org\/{rel}","templated":true}]}}