{"id":213650,"date":"2025-04-02T03:08:04","date_gmt":"2025-04-02T03:08:04","guid":{"rendered":"https:\/\/rnoticias.com.mx\/Portal\/?p=213650"},"modified":"2025-04-02T03:08:08","modified_gmt":"2025-04-02T03:08:08","slug":"claudia-sheinbaum-y-primer-ministro-de-canada-tienen-llamada-antes-de-los-aranceles-de-trump","status":"publish","type":"post","link":"https:\/\/rnoticias.com.mx\/Portal\/2025\/04\/02\/claudia-sheinbaum-y-primer-ministro-de-canada-tienen-llamada-antes-de-los-aranceles-de-trump\/","title":{"rendered":"Claudia Sheinbaum y primer ministro de Canad\u00e1 tienen llamada antes de los aranceles de Trump"},"content":{"rendered":"<p>El primer ministro de\u00a0<a href=\"https:\/\/www.informador.mx\/canada-t786\" target=\"_blank\" rel=\"noopener\"><strong>Canad\u00e1<\/strong><\/a>, Mark Carney, y la Presidenta de M\u00e9xico,\u00a0<a href=\"https:\/\/www.informador.mx\/claudia-sheinbaum-t10826\" target=\"_blank\" rel=\"noopener\"><strong>Claudia Sheinbaum<\/strong><\/a>, mantuvieron este martes 1 de abril su primera conversaci\u00f3n telef\u00f3nica para hablar sobre comercio y soberan\u00eda pocas horas antes de que entren en vigor los aranceles de la Administraci\u00f3n de Donald Trump, inform\u00f3 el gobierno canadiense.<\/p>\n<p>La Oficina del Primer Ministro de Canad\u00e1 se\u00f1al\u00f3 en un comunicado que la llamada fue &#8220;productiva&#8221; y que los dos l\u00edderes trataron\u00a0<mark><strong>&#8220;la importancia de reforzar la s\u00f3lida relaci\u00f3n comercial y de inversi\u00f3n entre ambos pa\u00edses&#8221;.<\/strong><\/mark><\/p>\n<p>&#8220;Ante los retos que se avecinan, el Primer Ministro Carney y la Presidenta Sheinbaum subrayaron la necesidad de\u00a0<strong>proteger la competitividad de Am\u00e9rica del Norte<\/strong>, respetando al mismo tiempo la soberan\u00eda de cada naci\u00f3n&#8221;, a\u00f1adi\u00f3 el gobierno canadiense.<\/p>\n<p>Carney indic\u00f3 a Sheinbaum que Canad\u00e1 combatir\u00e1 &#8220;las medidas comerciales injustificadas&#8221;, en referencia a los aranceles que Estados Unidos impondr\u00e1 en las pr\u00f3ximas horas, y que\u00a0<mark><strong>est\u00e1 interesado en un aumento del comercio con M\u00e9xico.<\/strong><\/mark><\/p>\n<p>Por su parte, el\u00a0<a href=\"https:\/\/www.informador.mx\/gobierno-de-mexico-t7\" target=\"_blank\" rel=\"noopener\"><strong>Gobierno de M\u00e9xico<\/strong><\/a>\u00a0destac\u00f3 en sus redes sociales que los dos dirigentes &#8220;acordaron mantener el di\u00e1logo y coincidieron en la importancia de la integraci\u00f3n econ\u00f3mica de Norteam\u00e9rica, con respeto a las soberan\u00edas, como la mejor manera de competir con otras regiones del mundo&#8221;.<\/p>\n<p>Este d\u00eda, Sheinbaum ya hab\u00eda anunciado que ten\u00eda previsto mantener esta semana una conversaci\u00f3n telef\u00f3nica con Carney.<\/p>\n<p>La Presidenta de M\u00e9xico atribuy\u00f3 a problemas de agenda el hecho de que las dos partes no hubieran podido hablar desde que el l\u00edder canadiense asumi\u00f3 el poder el pasado 14 de marzo, tras la dimisi\u00f3n de Justin Trudeau.<\/p>\n<p><mark><strong>&#8220;Hay una buena relaci\u00f3n con Canad\u00e1 y va a seguir habiendo una buena relaci\u00f3n con Canad\u00e1&#8221;<\/strong><\/mark>, explic\u00f3 la presidenta mexicana.<\/p>\n<p>El presidente estadounidense, Donald Trump, anunciar\u00e1 ma\u00f1ana, mi\u00e9rcoles, nuevos\u00a0<a href=\"https:\/\/www.informador.mx\/aranceles-t7270\" target=\"_blank\" rel=\"noopener\"><strong>aranceles<\/strong><\/a>\u00a0&#8220;rec\u00edprocos&#8221; contra un gran n\u00famero de pa\u00edses de todo el mundo y el jueves entrar\u00e1n en vigor grav\u00e1menes a las importaciones de autom\u00f3viles y partes.<\/p>\n<p><strong>Trump decidi\u00f3 que las partes de autom\u00f3viles fabricadas en M\u00e9xico y Canad\u00e1 estar\u00e1n exentas temporalmente de ese arancel ante las presiones del sector estadounidense que teme un colapso de las cadenas de suministro.<\/strong><\/p>\n<p>Canad\u00e1 y M\u00e9xico, los dos grandes socios comerciales de Estados Unidos y que forman parte del tratado\u00a0<a href=\"https:\/\/www.informador.mx\/t-mec-t15070\" target=\"_blank\" rel=\"noopener\"><strong>T-MEC<\/strong><\/a>, pueden ser los grandes perjudicados de las pol\u00edticas proteccionistas de Trump.<\/p>\n<p>Ya el 4 de marzo, Trump impuso aranceles del 25% a las importaciones de Canad\u00e1 y M\u00e9xico, pero estableci\u00f3 una moratoria de un mes para los productos de esos dos pa\u00edses cubiertos por el tratado de libre comercio T-MEC.<\/p>\n<p>Canad\u00e1 tambi\u00e9n ha sufrido de forma directa las ansias expansionistas de Trump, quien ha expresado en numerosas ocasiones su inter\u00e9s en absorber el pa\u00eds y convertirlo,\u00a0<strong>incluso utilizando &#8220;la fuerza econ\u00f3mica&#8221;, en el estado 51 de Estados Unidos<\/strong><\/p>\n","protected":false},"excerpt":{"rendered":"<p>El primer ministro de\u00a0Canad\u00e1, Mark Carney, y la Presidenta de M\u00e9xico,\u00a0Claudia Sheinbaum, mantuvieron este martes 1 de abril su primera conversaci\u00f3n telef\u00f3nica para hablar sobre comercio y soberan\u00eda pocas horas antes de que entren en vigor los aranceles de la Administraci\u00f3n de Donald Trump, inform\u00f3 el gobierno canadiense. La Oficina del Primer Ministro de Canad\u00e1 [&hellip;]<\/p>\n","protected":false},"author":2,"featured_media":213651,"comment_status":"closed","ping_status":"closed","sticky":false,"template":"","format":"standard","meta":{"footnotes":""},"categories":[12870,172],"tags":[12865,12874],"class_list":["post-213650","post","type-post","status-publish","format-standard","has-post-thumbnail","hentry","category-destacadas","category-nacional","tag-destacadas","tag-nacional"],"jetpack_featured_media_url":"https:\/\/rnoticias.com.mx\/Portal\/wp-content\/uploads\/2025\/04\/sheinbaum20carney.webp","amp_enabled":true,"_links":{"self":[{"href":"https:\/\/rnoticias.com.mx\/Portal\/wp-json\/wp\/v2\/posts\/213650","targetHints":{"allow":["GET"]}}],"collection":[{"href":"https:\/\/rnoticias.com.mx\/Portal\/wp-json\/wp\/v2\/posts"}],"about":[{"href":"https:\/\/rnoticias.com.mx\/Portal\/wp-json\/wp\/v2\/types\/post"}],"author":[{"embeddable":true,"href":"https:\/\/rnoticias.com.mx\/Portal\/wp-json\/wp\/v2\/users\/2"}],"replies":[{"embeddable":true,"href":"https:\/\/rnoticias.com.mx\/Portal\/wp-json\/wp\/v2\/comments?post=213650"}],"version-history":[{"count":1,"href":"https:\/\/rnoticias.com.mx\/Portal\/wp-json\/wp\/v2\/posts\/213650\/revisions"}],"predecessor-version":[{"id":213652,"href":"https:\/\/rnoticias.com.mx\/Portal\/wp-json\/wp\/v2\/posts\/213650\/revisions\/213652"}],"wp:featuredmedia":[{"embeddable":true,"href":"https:\/\/rnoticias.com.mx\/Portal\/wp-json\/wp\/v2\/media\/213651"}],"wp:attachment":[{"href":"https:\/\/rnoticias.com.mx\/Portal\/wp-json\/wp\/v2\/media?parent=213650"}],"wp:term":[{"taxonomy":"category","embeddable":true,"href":"https:\/\/rnoticias.com.mx\/Portal\/wp-json\/wp\/v2\/categories?post=213650"},{"taxonomy":"post_tag","embeddable":true,"href":"https:\/\/rnoticias.com.mx\/Portal\/wp-json\/wp\/v2\/tags?post=213650"}],"curies":[{"name":"wp","href":"https:\/\/api.w.org\/{rel}","templated":true}]}}