{"id":213633,"date":"2025-04-02T02:53:48","date_gmt":"2025-04-02T02:53:48","guid":{"rendered":"https:\/\/rnoticias.com.mx\/Portal\/?p=213633"},"modified":"2025-04-02T02:53:48","modified_gmt":"2025-04-02T02:53:48","slug":"cananea-espera-a-ser-el-quinto-pueblo-magico-de-sonora-esmeralda-gonzalez","status":"publish","type":"post","link":"https:\/\/rnoticias.com.mx\/Portal\/2025\/04\/02\/cananea-espera-a-ser-el-quinto-pueblo-magico-de-sonora-esmeralda-gonzalez\/","title":{"rendered":"Cananea espera a ser el quinto Pueblo M\u00e1gico de Sonora: Esmeralda Gonz\u00e1lez"},"content":{"rendered":"<p>El ayuntamiento de Cananea, que preside Esmeralda Gonz\u00e1lez, se\u00f1ala que trabajan en las bases para que ese municipio pueda ser el quinto Pueblo M\u00e1gico de Sonora.<\/p>\n<p>&nbsp;<\/p>\n<p>La propia presidenta municipal, inform\u00f3 que se trabajar\u00e1 arduamente para cumplir con ese compromiso de su campa\u00f1a y poder hacer que esa ciudad cuente con ese distintivo antes de que culmine su presente administraci\u00f3n.<\/p>\n<p>&nbsp;<\/p>\n<p><strong>\u00a0\u201cAspiro a que esta administraci\u00f3n 2024-2027 deje huella importante en Cananea y abra ese parteaguas. Con eso me refiero a la propuesta que tuvimos desde campa\u00f1a y hoy como administraci\u00f3n de hacer de Cananea el quinto pueblo m\u00e1gico\u201d, asegur\u00f3<\/strong><\/p>\n<p><strong>\u00a0<\/strong><\/p>\n<p>Precis\u00f3, que, ante ello, en la administraci\u00f3n a su cargo, trabajan en el armado de un expediente para presentar la propuesta a las autoridades correspondientes una vez que se den a conocer las reglas de operaci\u00f3n.<\/p>\n<p>&nbsp;<\/p>\n<p>Finalmente, recalc\u00f3 que Cananea adem\u00e1s de su rica historia tiene mucho para ofrecer a quienes lo visiten no solo por su miner\u00eda sino por su turismo y por ello tienen mucha confianza en alcanzar ese distintivo dentro del nuevo esquema que se llamar\u00e1 \u201cTurismo Comunitario\u201d y unirse a San Carlos, Magdalena de Kino, \u00c1lamos y Ures.<\/p>\n","protected":false},"excerpt":{"rendered":"<p>El ayuntamiento de Cananea, que preside Esmeralda Gonz\u00e1lez, se\u00f1ala que trabajan en las bases para que ese municipio pueda ser el quinto Pueblo M\u00e1gico de Sonora. &nbsp; La propia presidenta municipal, inform\u00f3 que se trabajar\u00e1 arduamente para cumplir con ese compromiso de su campa\u00f1a y poder hacer que esa ciudad cuente con ese distintivo antes [&hellip;]<\/p>\n","protected":false},"author":2,"featured_media":213634,"comment_status":"closed","ping_status":"closed","sticky":false,"template":"","format":"standard","meta":{"footnotes":""},"categories":[12870,174],"tags":[12865,12873],"class_list":["post-213633","post","type-post","status-publish","format-standard","has-post-thumbnail","hentry","category-destacadas","category-estatal","tag-destacadas","tag-estatal"],"jetpack_featured_media_url":"https:\/\/rnoticias.com.mx\/Portal\/wp-content\/uploads\/2025\/04\/Cananea-un-pueblo-de-cobre-con-corazon-de-oro.jpg","amp_enabled":true,"_links":{"self":[{"href":"https:\/\/rnoticias.com.mx\/Portal\/wp-json\/wp\/v2\/posts\/213633","targetHints":{"allow":["GET"]}}],"collection":[{"href":"https:\/\/rnoticias.com.mx\/Portal\/wp-json\/wp\/v2\/posts"}],"about":[{"href":"https:\/\/rnoticias.com.mx\/Portal\/wp-json\/wp\/v2\/types\/post"}],"author":[{"embeddable":true,"href":"https:\/\/rnoticias.com.mx\/Portal\/wp-json\/wp\/v2\/users\/2"}],"replies":[{"embeddable":true,"href":"https:\/\/rnoticias.com.mx\/Portal\/wp-json\/wp\/v2\/comments?post=213633"}],"version-history":[{"count":1,"href":"https:\/\/rnoticias.com.mx\/Portal\/wp-json\/wp\/v2\/posts\/213633\/revisions"}],"predecessor-version":[{"id":213635,"href":"https:\/\/rnoticias.com.mx\/Portal\/wp-json\/wp\/v2\/posts\/213633\/revisions\/213635"}],"wp:featuredmedia":[{"embeddable":true,"href":"https:\/\/rnoticias.com.mx\/Portal\/wp-json\/wp\/v2\/media\/213634"}],"wp:attachment":[{"href":"https:\/\/rnoticias.com.mx\/Portal\/wp-json\/wp\/v2\/media?parent=213633"}],"wp:term":[{"taxonomy":"category","embeddable":true,"href":"https:\/\/rnoticias.com.mx\/Portal\/wp-json\/wp\/v2\/categories?post=213633"},{"taxonomy":"post_tag","embeddable":true,"href":"https:\/\/rnoticias.com.mx\/Portal\/wp-json\/wp\/v2\/tags?post=213633"}],"curies":[{"name":"wp","href":"https:\/\/api.w.org\/{rel}","templated":true}]}}