{"id":213609,"date":"2025-04-02T02:07:09","date_gmt":"2025-04-02T02:07:09","guid":{"rendered":"https:\/\/rnoticias.com.mx\/Portal\/?p=213609"},"modified":"2025-04-02T02:07:09","modified_gmt":"2025-04-02T02:07:09","slug":"estudiante-del-cecyte-sonora-se-corona-campeon-estatal-de-raquetbol","status":"publish","type":"post","link":"https:\/\/rnoticias.com.mx\/Portal\/2025\/04\/02\/estudiante-del-cecyte-sonora-se-corona-campeon-estatal-de-raquetbol\/","title":{"rendered":"Estudiante del Cecyte Sonora se corona campe\u00f3n estatal de r\u00e1quetbol"},"content":{"rendered":"<p>Hermosillo, Sonora; 1 de abril de 2025.- El joven talento Sergio Qui\u00f1ones, alumno del Colegio de Estudios Cient\u00edficos y Tecnol\u00f3gicos del Estado de Sonora (Cecyte), plantel Nogales I, se coron\u00f3 campe\u00f3n estatal de r\u00e1quetbol y representar\u00e1 a Sonora en la Olimpiada Nacional Conade 2025, que se llevar\u00e1 a cabo en Guadalajara el pr\u00f3ximo 16 de junio, anunci\u00f3 Blanca Aurelia Valenzuela.<\/p>\n<p>La directora general de Cecyte Sonora destac\u00f3 que, con tan solo 17 a\u00f1os y cursando el cuarto semestre, Sergio comenz\u00f3 a practicar este deporte a los 10 a\u00f1os, inspirado por su padre, quien fue su principal motivaci\u00f3n para adentrarse en el mundo del r\u00e1quetbol.<\/p>\n<p>La funcionaria estatal felicit\u00f3 al joven campe\u00f3n, a su entrenador y a sus padres por este gran logro, y les dese\u00f3 el mayor de los \u00e9xitos en la etapa nacional, asegurando que para Cecyte ya es un ganador, adem\u00e1s de ser un ejemplo de esfuerzo y disciplina dentro de la comunidad escolar.<\/p>\n<p>Sergio tiene grandes aspiraciones, y uno de sus sue\u00f1os es estudiar Administraci\u00f3n. Adem\u00e1s, se ha destacado por su participaci\u00f3n en varias competiciones nacionales e internacionales, como los selectivos panamericanos y los Juegos Nacionales Conade 2024 en Guadalajara.<\/p>\n","protected":false},"excerpt":{"rendered":"<p>Hermosillo, Sonora; 1 de abril de 2025.- El joven talento Sergio Qui\u00f1ones, alumno del Colegio de Estudios Cient\u00edficos y Tecnol\u00f3gicos del Estado de Sonora (Cecyte), plantel Nogales I, se coron\u00f3 campe\u00f3n estatal de r\u00e1quetbol y representar\u00e1 a Sonora en la Olimpiada Nacional Conade 2025, que se llevar\u00e1 a cabo en Guadalajara el pr\u00f3ximo 16 de [&hellip;]<\/p>\n","protected":false},"author":2,"featured_media":213610,"comment_status":"closed","ping_status":"closed","sticky":false,"template":"","format":"standard","meta":{"footnotes":""},"categories":[188],"tags":[5231],"class_list":["post-213609","post","type-post","status-publish","format-standard","has-post-thumbnail","hentry","category-deportes","tag-deportes"],"jetpack_featured_media_url":"https:\/\/rnoticias.com.mx\/Portal\/wp-content\/uploads\/2025\/04\/unnamed-2-1.jpg","amp_enabled":true,"_links":{"self":[{"href":"https:\/\/rnoticias.com.mx\/Portal\/wp-json\/wp\/v2\/posts\/213609","targetHints":{"allow":["GET"]}}],"collection":[{"href":"https:\/\/rnoticias.com.mx\/Portal\/wp-json\/wp\/v2\/posts"}],"about":[{"href":"https:\/\/rnoticias.com.mx\/Portal\/wp-json\/wp\/v2\/types\/post"}],"author":[{"embeddable":true,"href":"https:\/\/rnoticias.com.mx\/Portal\/wp-json\/wp\/v2\/users\/2"}],"replies":[{"embeddable":true,"href":"https:\/\/rnoticias.com.mx\/Portal\/wp-json\/wp\/v2\/comments?post=213609"}],"version-history":[{"count":1,"href":"https:\/\/rnoticias.com.mx\/Portal\/wp-json\/wp\/v2\/posts\/213609\/revisions"}],"predecessor-version":[{"id":213611,"href":"https:\/\/rnoticias.com.mx\/Portal\/wp-json\/wp\/v2\/posts\/213609\/revisions\/213611"}],"wp:featuredmedia":[{"embeddable":true,"href":"https:\/\/rnoticias.com.mx\/Portal\/wp-json\/wp\/v2\/media\/213610"}],"wp:attachment":[{"href":"https:\/\/rnoticias.com.mx\/Portal\/wp-json\/wp\/v2\/media?parent=213609"}],"wp:term":[{"taxonomy":"category","embeddable":true,"href":"https:\/\/rnoticias.com.mx\/Portal\/wp-json\/wp\/v2\/categories?post=213609"},{"taxonomy":"post_tag","embeddable":true,"href":"https:\/\/rnoticias.com.mx\/Portal\/wp-json\/wp\/v2\/tags?post=213609"}],"curies":[{"name":"wp","href":"https:\/\/api.w.org\/{rel}","templated":true}]}}