{"id":213578,"date":"2025-04-01T20:06:22","date_gmt":"2025-04-01T20:06:22","guid":{"rendered":"https:\/\/rnoticias.com.mx\/Portal\/?p=213578"},"modified":"2025-04-01T20:06:22","modified_gmt":"2025-04-01T20:06:22","slug":"apertura-gobierno-de-sonora-la-oficina-de-oficialia-de-partes-de-isssteson","status":"publish","type":"post","link":"https:\/\/rnoticias.com.mx\/Portal\/2025\/04\/01\/apertura-gobierno-de-sonora-la-oficina-de-oficialia-de-partes-de-isssteson\/","title":{"rendered":"Apertura Gobierno de Sonora la Oficina de Oficial\u00eda de Partes de Isssteson"},"content":{"rendered":"<p><b>Hermosillo, Sonora; 1 de abril de 2025.-\u00a0<\/b>Con el objetivo de que la gesti\u00f3n institucional de Isssteson sea m\u00e1s eficiente y transparente, se inaugur\u00f3 la Oficial\u00eda de Partes Com\u00fan del Instituto, una oficina cuyo prop\u00f3sito es dar certeza a los usuarios de que sus asuntos ser\u00e1n atendidos por las \u00e1reas correspondientes en tiempo y forma.<\/p>\n<p>Con el respaldo del gobernador Alfonso Durazo Monta\u00f1o, esta nueva Oficial\u00eda de Partes de Isssteson, dependiente de la Unidad Jur\u00eddica, permitir\u00e1 canalizar y organizar de manera eficiente los documentos y tr\u00e1mites provenientes de autoridades judiciales, administrativas, ministeriales, \u00f3rganos fiscalizadores e instituciones de derechos humanos.<\/p>\n<p>Ubicada en las oficinas centrales de Isssteson, esta nueva \u00e1rea fue inaugurada por Luis Alonso Osuna Cota, director general, y cuenta con personal capacitado, instalaciones adecuadas para recibir a los usuarios y sistemas electr\u00f3nicos de seguimiento desarrollados por el personal de la Unidad de Tecnolog\u00edas del Instituto.<\/p>\n<p>En la ceremonia de corte de list\u00f3n, tambi\u00e9n participaron Jes\u00fas Avilez Encinas, jefe de la Unidad Jur\u00eddica; Liliana Acosta Garc\u00eda, subdirectora de Pensiones, Jubilaciones y Prestaciones; Carlos Villalobos Rodr\u00edguez, jefe de Prestaciones Econ\u00f3micas y Sociales; Lorena Curiel Escobedo, encargada de despacho de la Unidad de Planeaci\u00f3n; Blanca Serrano, jefa del \u00d3rgano Interno de Control, as\u00ed como personal e invitados especiales.<\/p>\n<p>La Oficial\u00eda de Partes Com\u00fan de Isssteson tiene un horario de atenci\u00f3n de 08:00 a 15:00 horas, de lunes a viernes.<\/p>\n","protected":false},"excerpt":{"rendered":"<p>Hermosillo, Sonora; 1 de abril de 2025.-\u00a0Con el objetivo de que la gesti\u00f3n institucional de Isssteson sea m\u00e1s eficiente y transparente, se inaugur\u00f3 la Oficial\u00eda de Partes Com\u00fan del Instituto, una oficina cuyo prop\u00f3sito es dar certeza a los usuarios de que sus asuntos ser\u00e1n atendidos por las \u00e1reas correspondientes en tiempo y forma. Con [&hellip;]<\/p>\n","protected":false},"author":2,"featured_media":213579,"comment_status":"closed","ping_status":"closed","sticky":false,"template":"","format":"standard","meta":{"footnotes":""},"categories":[12870,178],"tags":[12865,12869],"class_list":["post-213578","post","type-post","status-publish","format-standard","has-post-thumbnail","hentry","category-destacadas","category-local","tag-destacadas","tag-local"],"jetpack_featured_media_url":"https:\/\/rnoticias.com.mx\/Portal\/wp-content\/uploads\/2025\/04\/ISSSTESON2025-InauguracionOficialiaDePartes-01.jpg","amp_enabled":true,"_links":{"self":[{"href":"https:\/\/rnoticias.com.mx\/Portal\/wp-json\/wp\/v2\/posts\/213578","targetHints":{"allow":["GET"]}}],"collection":[{"href":"https:\/\/rnoticias.com.mx\/Portal\/wp-json\/wp\/v2\/posts"}],"about":[{"href":"https:\/\/rnoticias.com.mx\/Portal\/wp-json\/wp\/v2\/types\/post"}],"author":[{"embeddable":true,"href":"https:\/\/rnoticias.com.mx\/Portal\/wp-json\/wp\/v2\/users\/2"}],"replies":[{"embeddable":true,"href":"https:\/\/rnoticias.com.mx\/Portal\/wp-json\/wp\/v2\/comments?post=213578"}],"version-history":[{"count":1,"href":"https:\/\/rnoticias.com.mx\/Portal\/wp-json\/wp\/v2\/posts\/213578\/revisions"}],"predecessor-version":[{"id":213580,"href":"https:\/\/rnoticias.com.mx\/Portal\/wp-json\/wp\/v2\/posts\/213578\/revisions\/213580"}],"wp:featuredmedia":[{"embeddable":true,"href":"https:\/\/rnoticias.com.mx\/Portal\/wp-json\/wp\/v2\/media\/213579"}],"wp:attachment":[{"href":"https:\/\/rnoticias.com.mx\/Portal\/wp-json\/wp\/v2\/media?parent=213578"}],"wp:term":[{"taxonomy":"category","embeddable":true,"href":"https:\/\/rnoticias.com.mx\/Portal\/wp-json\/wp\/v2\/categories?post=213578"},{"taxonomy":"post_tag","embeddable":true,"href":"https:\/\/rnoticias.com.mx\/Portal\/wp-json\/wp\/v2\/tags?post=213578"}],"curies":[{"name":"wp","href":"https:\/\/api.w.org\/{rel}","templated":true}]}}