{"id":213575,"date":"2025-04-01T19:52:55","date_gmt":"2025-04-01T19:52:55","guid":{"rendered":"https:\/\/rnoticias.com.mx\/Portal\/?p=213575"},"modified":"2025-04-01T19:52:55","modified_gmt":"2025-04-01T19:52:55","slug":"asociaciones-de-sonora-convocan-a-caminata-conmemorativa-del-dia-de-la-concientizacion-del-autismo","status":"publish","type":"post","link":"https:\/\/rnoticias.com.mx\/Portal\/2025\/04\/01\/asociaciones-de-sonora-convocan-a-caminata-conmemorativa-del-dia-de-la-concientizacion-del-autismo\/","title":{"rendered":"ASOCIACIONES DE SONORA CONVOCAN A CAMINATA CONMEMORATIVA DEL D\u00cdA DE LA CONCIENTIZACI\u00d3N DEL AUTISMO"},"content":{"rendered":"<p><b><span data-olk-copy-source=\"MessageBody\">Hermosillo, Sonora, M\u00e9xico, 31 de marzo de 2025.-\u00a0<\/span><\/b>En el marco del\u00a0<b>D\u00eda Internacional de Concientizaci\u00f3n del Autismo<\/b>, la\u00a0<b>Red de Asociaciones por la Discapacidad en Sonora, invita a su\u00a0<\/b>tradicional caminata este\u00a0<b>pr\u00f3ximo domingo 6 de abril,<\/b>\u00a0a las 9:30 horas desde el Parque el Mundito en el centro de la capital, que culminar\u00e1 en el H. Congreso del Estado de Sonora.<\/p>\n<p>En 2007, la Asamblea General de la ONU declar\u00f3 el\u00a0<b>2 de abril como el D\u00eda Mundial de Concienciaci\u00f3n sobre el Autismo<\/b>\u00a0con el objetivo de informar acerca de esta condici\u00f3n, por lo que con la Caminata de este 2025, se busca sumar acciones desde la sociedad civil, que junto con las iniciativas gubernamentales permitan impulsar\u00a0programas y apoyos, encaminados a mejorar las pr\u00e1cticas que ayuden a dar una educaci\u00f3n y atenci\u00f3n m\u00e1s adecuada a las personas con autismo, as\u00ed como la visibilizaci\u00f3n y empat\u00eda hacia todas las personas con esta condici\u00f3n.<\/p>\n<p>M\u00e1s de 20 asociaciones de Nogales, Caborca, Guaymas, Empalme, Cajeme, Huatabampo, Etchojoa y Navojoa, donde la RED de Discapacidad tiene representaci\u00f3n, han estado realizando y llevar\u00e1n esta semana, acciones como conferencias, talleres, caminatas, entre otras, en este contexto, que junto con escuelas, centros terap\u00e9uticos y sociedad en general se suman a los objetivos de concientizaci\u00f3n.<\/p>\n<p>Se sabe que el trastorno del espectro autista (TEA), coloquialmente llamado autismo, comprende un conjunto de alteraciones del desarrollo neurol\u00f3gico caracterizadas por dificultades en la comunicaci\u00f3n social, patrones de comportamiento repetitivos y alteraciones en el procesamiento sensorial.\u00a0 Actualmente<\/p>\n<p>Seg\u00fan la Organizaci\u00f3n Mundial de la Salud (2023), aproximadamente 1 de cada 100 ni\u00f1os a nivel mundial tiene un trastorno del espectro autista. Por su parte, los Centros para el Control y la Prevenci\u00f3n de Enfermedades, reportan que la prevalencia de TEA en ni\u00f1os de 8 a\u00f1os en Estados Unidos es de 1 de cada 36. En M\u00e9xico, un estudio realizado en 2016 por Autism Speaks y la Cl\u00ednica Mexicana de Autismo (CLIMA)identific\u00f3 que 1 de cada 115 ni\u00f1os presenta autismo.<\/p>\n<p>\u201c<b>En Sonora, el \u00faltimo estudio para conocer la prevanlecia del Autismo se realiz\u00f3 en el a\u00f1o 2010, encontrando que en ese tiempo 1 de cada 163 ni\u00f1os ten\u00edan el diagn\u00f3stico de autismo y ante la falta de actualizaci\u00f3n de este estudio, se dificulta dimensionar la actual realidad en el tema. Se sabe por los padrones de DIF Sonora, Secretar\u00eda de Salud y Secretar\u00eda de Educaci\u00f3n que en Sonora hay un estimado de 10,000 personas con Autismo\u201d, comparte la Mtra. Natalia Navarro, Directora General de las Cl\u00ednicas de Atenci\u00f3n a la Neurodiversidad de la Secretar\u00eda de Salud del Estado de Sonora.<\/b><\/p>\n<p>La RED DE ASOCIACIONES POR LA DISCAPACIDAD, se pronuncia y hace una llamado a la empat\u00eda y el respeto hacia las personas con autismo, como ciudadanos valiosos para nuestras comunidades, reconociendo sus derechos como lo marcan en las convenciones y tratados internacionales como la agenda 2030, hasta las leyes locales en Sonora como la Ley 92 para la Atenci\u00f3n y Protecci\u00f3n de Personas en Condici\u00f3n del Espectro Autista del Estado de Sonora, aprobada desde 2016.<\/p>\n<p>Por lo tanto reitera la invitaci\u00f3n a este domingo, en punto de las 9:30 horas en el Parque El mundito, Centro de Hermosillo, a la Caminata 2025, por todas las personas que viven bajo el espectro autista.<\/p>\n","protected":false},"excerpt":{"rendered":"<p>Hermosillo, Sonora, M\u00e9xico, 31 de marzo de 2025.-\u00a0En el marco del\u00a0D\u00eda Internacional de Concientizaci\u00f3n del Autismo, la\u00a0Red de Asociaciones por la Discapacidad en Sonora, invita a su\u00a0tradicional caminata este\u00a0pr\u00f3ximo domingo 6 de abril,\u00a0a las 9:30 horas desde el Parque el Mundito en el centro de la capital, que culminar\u00e1 en el H. Congreso del Estado [&hellip;]<\/p>\n","protected":false},"author":2,"featured_media":213576,"comment_status":"closed","ping_status":"closed","sticky":false,"template":"","format":"standard","meta":{"footnotes":""},"categories":[12870,178],"tags":[12865,12869],"class_list":["post-213575","post","type-post","status-publish","format-standard","has-post-thumbnail","hentry","category-destacadas","category-local","tag-destacadas","tag-local"],"jetpack_featured_media_url":"https:\/\/rnoticias.com.mx\/Portal\/wp-content\/uploads\/2025\/04\/flyer-inivtacion_-Caminata.jpeg","amp_enabled":true,"_links":{"self":[{"href":"https:\/\/rnoticias.com.mx\/Portal\/wp-json\/wp\/v2\/posts\/213575","targetHints":{"allow":["GET"]}}],"collection":[{"href":"https:\/\/rnoticias.com.mx\/Portal\/wp-json\/wp\/v2\/posts"}],"about":[{"href":"https:\/\/rnoticias.com.mx\/Portal\/wp-json\/wp\/v2\/types\/post"}],"author":[{"embeddable":true,"href":"https:\/\/rnoticias.com.mx\/Portal\/wp-json\/wp\/v2\/users\/2"}],"replies":[{"embeddable":true,"href":"https:\/\/rnoticias.com.mx\/Portal\/wp-json\/wp\/v2\/comments?post=213575"}],"version-history":[{"count":1,"href":"https:\/\/rnoticias.com.mx\/Portal\/wp-json\/wp\/v2\/posts\/213575\/revisions"}],"predecessor-version":[{"id":213577,"href":"https:\/\/rnoticias.com.mx\/Portal\/wp-json\/wp\/v2\/posts\/213575\/revisions\/213577"}],"wp:featuredmedia":[{"embeddable":true,"href":"https:\/\/rnoticias.com.mx\/Portal\/wp-json\/wp\/v2\/media\/213576"}],"wp:attachment":[{"href":"https:\/\/rnoticias.com.mx\/Portal\/wp-json\/wp\/v2\/media?parent=213575"}],"wp:term":[{"taxonomy":"category","embeddable":true,"href":"https:\/\/rnoticias.com.mx\/Portal\/wp-json\/wp\/v2\/categories?post=213575"},{"taxonomy":"post_tag","embeddable":true,"href":"https:\/\/rnoticias.com.mx\/Portal\/wp-json\/wp\/v2\/tags?post=213575"}],"curies":[{"name":"wp","href":"https:\/\/api.w.org\/{rel}","templated":true}]}}