{"id":213523,"date":"2025-04-01T01:39:59","date_gmt":"2025-04-01T01:39:59","guid":{"rendered":"https:\/\/rnoticias.com.mx\/Portal\/?p=213523"},"modified":"2025-04-01T01:39:59","modified_gmt":"2025-04-01T01:39:59","slug":"museo-regional-de-sonora-expondra-los-derechos-del-nino-en-los-anos-20-en-la-sociedad-sonorense-de-historia","status":"publish","type":"post","link":"https:\/\/rnoticias.com.mx\/Portal\/2025\/04\/01\/museo-regional-de-sonora-expondra-los-derechos-del-nino-en-los-anos-20-en-la-sociedad-sonorense-de-historia\/","title":{"rendered":"Museo Regional de Sonora expondr\u00e1 \u201cLos derechos del ni\u00f1o en los a\u00f1os 20\u201d en la Sociedad Sonorense de Historia"},"content":{"rendered":"<p><strong>31 de marzo de 2025, Hermosillo, Sonora.<\/strong> \u2013 El Instituto Nacional de Antropolog\u00eda e Historia en Sonora, a trav\u00e9s del Museo Regional de Sonora, invita a la inauguraci\u00f3n de la exposici\u00f3n \u201cLos derechos del ni\u00f1o en los a\u00f1os 20&#8243;, a realizarse el pr\u00f3ximo mi\u00e9rcoles 2 de abril del presente, a las 18:00 horas en la Sociedad Sonorense de Historia.<\/p>\n<p>&nbsp;<\/p>\n<p>La muestra se compone de 39 fotograf\u00edas de las colecciones Casasola, \u00c9tnico y Salud P\u00fablica, que pertenecen al Sistema Nacional de Fototecas, Fototeca Nacional del Instituto Nacional de Antropolog\u00eda e Historia y la Secretar\u00eda de Cultura, misma que comparte una narrativa de hechos a partir de la Declaraci\u00f3n de los Derechos de la infancia en suelo mexicano.<\/p>\n<p>&nbsp;<\/p>\n<p>Surge como un proyecto conmemorativo en 2024 para compartir el centenario de la suscripci\u00f3n de la Declaraci\u00f3n de Ginebra o los primeros derechos de la ni\u00f1ez en tiempos del presidente \u00c1lvaro Obreg\u00f3n en 1924, impulsado por la Direcci\u00f3n de Estudios Hist\u00f3ricos del Instituto Nacional de Antropolog\u00eda e Historia en la Ciudad de M\u00e9xico, bajo la investigaci\u00f3n de Mar\u00eda Eugenia S\u00e1nchez Calleja y Delia Salazar Anaya con la curadur\u00eda: Rosa Casanova, Rebeca Monroy y Alejandro de la Torre, especialistas del Instituto.<\/p>\n<p>&nbsp;<\/p>\n<p>La investigadora Delia Salazar, Directora de Estudios Hist\u00f3ricos del INAH, comparte que \u201cmediante im\u00e1genes fotogr\u00e1ficas y testimonios de \u00e9poca, la muestra narra las acciones emprendidas por la sociedad, academia y gobiernos post revolucionarios para la protecci\u00f3n de la infancia desvalida, as\u00ed como la cruzada en favor de la educaci\u00f3n, la salud, la higiene, el deporte, el esparcimiento y el bienestar general de las infancias y adolescencias de la \u00e9poca, que dieron como resultado la instauraci\u00f3n de la celebraci\u00f3n anual conocida hasta hoy como el D\u00eda del Ni\u00f1o y de la Ni\u00f1a\u201d.<\/p>\n<p>&nbsp;<\/p>\n<p>Se incluyen tambi\u00e9n, algunos textos de las publicaciones peri\u00f3dicas de \u00e9poca: Bolet\u00edn de la Secretar\u00eda de Educaci\u00f3n P\u00fablica, Diario Oficial del Estado de Yucat\u00e1n, El Dem\u00f3crata, El Informador, El Mundo, El Universal, Pulgarcito. Peri\u00f3dico Infantil y Revista Mexicana de Educaci\u00f3n, con objetivos claros de la protecci\u00f3n a los menores.<\/p>\n<p>&nbsp;<\/p>\n<p>La exposici\u00f3n forma parte del programa de actividades de divulgaci\u00f3n conmemorativas de los 40 a\u00f1os del Museo Regional de Sonora, que en esta ocasi\u00f3n y en colaboraci\u00f3n con la Sociedad Sonorense de Historia que tambi\u00e9n celebra sus 50 a\u00f1os de fundaci\u00f3n.<\/p>\n<p>&nbsp;<\/p>\n<p>La invitaci\u00f3n est\u00e1 dirigida a todo p\u00fablico de manera presencial el pr\u00f3ximo <strong>mi\u00e9rcoles 2 de abirl a las 18:00 horas, en la Sociedad Sonorense de Historia \u00a0<\/strong>(Calle Rosales no. 123, Centro, Hermosillo Sonora)<\/p>\n","protected":false},"excerpt":{"rendered":"<p>31 de marzo de 2025, Hermosillo, Sonora. \u2013 El Instituto Nacional de Antropolog\u00eda e Historia en Sonora, a trav\u00e9s del Museo Regional de Sonora, invita a la inauguraci\u00f3n de la exposici\u00f3n \u201cLos derechos del ni\u00f1o en los a\u00f1os 20&#8243;, a realizarse el pr\u00f3ximo mi\u00e9rcoles 2 de abril del presente, a las 18:00 horas en la [&hellip;]<\/p>\n","protected":false},"author":2,"featured_media":213524,"comment_status":"closed","ping_status":"closed","sticky":false,"template":"","format":"standard","meta":{"footnotes":""},"categories":[12870,178],"tags":[12865,12869],"class_list":["post-213523","post","type-post","status-publish","format-standard","has-post-thumbnail","hentry","category-destacadas","category-local","tag-destacadas","tag-local"],"jetpack_featured_media_url":"https:\/\/rnoticias.com.mx\/Portal\/wp-content\/uploads\/2025\/04\/flyer_invitaciongral-copia.jpg","amp_enabled":true,"_links":{"self":[{"href":"https:\/\/rnoticias.com.mx\/Portal\/wp-json\/wp\/v2\/posts\/213523","targetHints":{"allow":["GET"]}}],"collection":[{"href":"https:\/\/rnoticias.com.mx\/Portal\/wp-json\/wp\/v2\/posts"}],"about":[{"href":"https:\/\/rnoticias.com.mx\/Portal\/wp-json\/wp\/v2\/types\/post"}],"author":[{"embeddable":true,"href":"https:\/\/rnoticias.com.mx\/Portal\/wp-json\/wp\/v2\/users\/2"}],"replies":[{"embeddable":true,"href":"https:\/\/rnoticias.com.mx\/Portal\/wp-json\/wp\/v2\/comments?post=213523"}],"version-history":[{"count":1,"href":"https:\/\/rnoticias.com.mx\/Portal\/wp-json\/wp\/v2\/posts\/213523\/revisions"}],"predecessor-version":[{"id":213525,"href":"https:\/\/rnoticias.com.mx\/Portal\/wp-json\/wp\/v2\/posts\/213523\/revisions\/213525"}],"wp:featuredmedia":[{"embeddable":true,"href":"https:\/\/rnoticias.com.mx\/Portal\/wp-json\/wp\/v2\/media\/213524"}],"wp:attachment":[{"href":"https:\/\/rnoticias.com.mx\/Portal\/wp-json\/wp\/v2\/media?parent=213523"}],"wp:term":[{"taxonomy":"category","embeddable":true,"href":"https:\/\/rnoticias.com.mx\/Portal\/wp-json\/wp\/v2\/categories?post=213523"},{"taxonomy":"post_tag","embeddable":true,"href":"https:\/\/rnoticias.com.mx\/Portal\/wp-json\/wp\/v2\/tags?post=213523"}],"curies":[{"name":"wp","href":"https:\/\/api.w.org\/{rel}","templated":true}]}}