{"id":213513,"date":"2025-04-01T01:33:36","date_gmt":"2025-04-01T01:33:36","guid":{"rendered":"https:\/\/rnoticias.com.mx\/Portal\/?p=213513"},"modified":"2025-04-01T01:33:36","modified_gmt":"2025-04-01T01:33:36","slug":"fomenta-gobierno-de-sonora-liderazgo-social-en-alumnado-de-bachillerato-froylan-gamez","status":"publish","type":"post","link":"https:\/\/rnoticias.com.mx\/Portal\/2025\/04\/01\/fomenta-gobierno-de-sonora-liderazgo-social-en-alumnado-de-bachillerato-froylan-gamez\/","title":{"rendered":"Fomenta Gobierno de Sonora liderazgo social en alumnado de bachillerato: Froyl\u00e1n G\u00e1mez"},"content":{"rendered":"<p align=\"justify\">Hermosillo, Sonora; 31 de marzo de 2025.- Con el desarrollo de proyectos orientados a resolver problem\u00e1ticas sociales a trav\u00e9s del arte, la cultura, el deporte y el cuidado del medio ambiente, el alumnado del Colegio de Estudios Cient\u00edficos y Tecnol\u00f3gicos del Estado de Sonora (Cecyte) fomenta entre sus estudiantes el liderazgo social, destac\u00f3 Froyl\u00e1n G\u00e1mez Gamboa.<\/p>\n<p align=\"justify\">El titular de la Secretar\u00eda de Educaci\u00f3n y Cultura (SEC) indic\u00f3 que los estudiantes del plantel Poblado Miguel Alem\u00e1n fueron reconocidos por sus ideas innovadoras para contribuir a la creaci\u00f3n de ambientes pac\u00edficos mediante el arte, disminuir la contaminaci\u00f3n ambiental por polvo y concientizar sobre el calentamiento global.<\/p>\n<p align=\"justify\">Durante la premiaci\u00f3n de los Proyectos de Liderazgo Social, organizada por el Patronato de la Costa de Hermosillo en colaboraci\u00f3n con el Colegio, se reiter\u00f3 la importancia de promover actividades que fortalezcan el liderazgo y la responsabilidad social en los estudiantes, a trav\u00e9s de estrategias deportivas, ecol\u00f3gicas y de cohesi\u00f3n familiar, entre otras.<\/p>\n<p align=\"justify\">Al respecto, la directora general de Cecyte Sonora, Blanca Aurelia Valenzuela, destac\u00f3 las propuestas creativas e innovadoras presentadas por los j\u00f3venes para abordar situaciones espec\u00edficas de su entorno y proponer soluciones que generen un impacto positivo en la comunidad.<\/p>\n<p align=\"justify\">Asimismo, agradeci\u00f3 a la presidenta del Patronato de la Costa de Hermosillo, Anna Baranzini Hurtado, por su esfuerzo y por impulsar estos proyectos en beneficio de los planteles, los colectivos docentes, el alumnado y sus familias.<\/p>\n<p align=\"justify\">Equipos ganadores:<\/p>\n<p align=\"justify\">\u2022 1er lugar: Club de Artes Visuales.<\/p>\n<p align=\"justify\">\u2022 2do lugar: Aprovechamiento de agua residual para riego del camino hacia la zona escolar.<\/p>\n<p align=\"justify\">\u2022 3er lugar: Concientizaci\u00f3n sobre el calentamiento global.<\/p>\n","protected":false},"excerpt":{"rendered":"<p>Hermosillo, Sonora; 31 de marzo de 2025.- Con el desarrollo de proyectos orientados a resolver problem\u00e1ticas sociales a trav\u00e9s del arte, la cultura, el deporte y el cuidado del medio ambiente, el alumnado del Colegio de Estudios Cient\u00edficos y Tecnol\u00f3gicos del Estado de Sonora (Cecyte) fomenta entre sus estudiantes el liderazgo social, destac\u00f3 Froyl\u00e1n G\u00e1mez [&hellip;]<\/p>\n","protected":false},"author":2,"featured_media":213514,"comment_status":"closed","ping_status":"closed","sticky":false,"template":"","format":"standard","meta":{"footnotes":""},"categories":[12870,178],"tags":[12865,12869],"class_list":["post-213513","post","type-post","status-publish","format-standard","has-post-thumbnail","hentry","category-destacadas","category-local","tag-destacadas","tag-local"],"jetpack_featured_media_url":"https:\/\/rnoticias.com.mx\/Portal\/wp-content\/uploads\/2025\/04\/unnamed.jpg","amp_enabled":true,"_links":{"self":[{"href":"https:\/\/rnoticias.com.mx\/Portal\/wp-json\/wp\/v2\/posts\/213513","targetHints":{"allow":["GET"]}}],"collection":[{"href":"https:\/\/rnoticias.com.mx\/Portal\/wp-json\/wp\/v2\/posts"}],"about":[{"href":"https:\/\/rnoticias.com.mx\/Portal\/wp-json\/wp\/v2\/types\/post"}],"author":[{"embeddable":true,"href":"https:\/\/rnoticias.com.mx\/Portal\/wp-json\/wp\/v2\/users\/2"}],"replies":[{"embeddable":true,"href":"https:\/\/rnoticias.com.mx\/Portal\/wp-json\/wp\/v2\/comments?post=213513"}],"version-history":[{"count":1,"href":"https:\/\/rnoticias.com.mx\/Portal\/wp-json\/wp\/v2\/posts\/213513\/revisions"}],"predecessor-version":[{"id":213515,"href":"https:\/\/rnoticias.com.mx\/Portal\/wp-json\/wp\/v2\/posts\/213513\/revisions\/213515"}],"wp:featuredmedia":[{"embeddable":true,"href":"https:\/\/rnoticias.com.mx\/Portal\/wp-json\/wp\/v2\/media\/213514"}],"wp:attachment":[{"href":"https:\/\/rnoticias.com.mx\/Portal\/wp-json\/wp\/v2\/media?parent=213513"}],"wp:term":[{"taxonomy":"category","embeddable":true,"href":"https:\/\/rnoticias.com.mx\/Portal\/wp-json\/wp\/v2\/categories?post=213513"},{"taxonomy":"post_tag","embeddable":true,"href":"https:\/\/rnoticias.com.mx\/Portal\/wp-json\/wp\/v2\/tags?post=213513"}],"curies":[{"name":"wp","href":"https:\/\/api.w.org\/{rel}","templated":true}]}}