{"id":213505,"date":"2025-03-31T23:32:40","date_gmt":"2025-03-31T23:32:40","guid":{"rendered":"https:\/\/rnoticias.com.mx\/Portal\/?p=213505"},"modified":"2025-03-31T23:32:40","modified_gmt":"2025-03-31T23:32:40","slug":"organiza-gobierno-de-sonora-olimpiada-regional-del-conocimiento-itesca","status":"publish","type":"post","link":"https:\/\/rnoticias.com.mx\/Portal\/2025\/03\/31\/organiza-gobierno-de-sonora-olimpiada-regional-del-conocimiento-itesca\/","title":{"rendered":"Organiza Gobierno de Sonora Olimpiada Regional del Conocimiento: Itesca"},"content":{"rendered":"<p align=\"justify\">Cajeme, Sonora; 31 de marzo de 2025.- Alrededor de 200 estudiantes de bachillerato, provenientes de escuelas del sur de Sonora, participaron en la XX Olimpiada Regional del Conocimiento, en las modalidades de Ciencias B\u00e1sicas y Econ\u00f3mico-Administrativas, inform\u00f3 Margarita V\u00e9lez de la Rocha.<\/p>\n<p align=\"justify\">La directora general del Itesca manifest\u00f3 que el objetivo es reconocer e incentivar el esfuerzo, la capacidad y la preparaci\u00f3n de las alumnas y los alumnos en su fase de ingreso al nivel superior, en la comprensi\u00f3n y dominio de dichas \u00e1reas del conocimiento, las cuales son pilares fundamentales para alcanzar una formaci\u00f3n educativa integral y s\u00f3lida.<\/p>\n<p align=\"justify\">El evento fue realizado a trav\u00e9s de las divisiones de Ciencias B\u00e1sicas y de Licenciatura en Administraci\u00f3n del Instituto, como parte del impulso que brinda el Gobierno de Sonora al fortalecimiento de estrategias educativas que incidan en la formaci\u00f3n integral de las nuevas generaciones.<\/p>\n<p align=\"justify\">En la modalidad de Ciencias B\u00e1sicas, el equipo ganador del primer lugar fue el plantel Cbtis No. 37; el segundo lugar lo obtuvo Cobach Sonora, plantel Pueblo Yaqui, y el tercer lugar fue para el CBTA No. 197.<\/p>\n<p align=\"justify\">En la rama de Econ\u00f3mico-Administrativas, el plantel triunfador del primer lugar fue el Cbtis No. 37, mientras que Cobach Sonora, plantel Lic. Alberto Flores Urbina, obtuvo el segundo y tercer lugar.<\/p>\n<p align=\"justify\">V\u00e9lez de la Rocha reconoci\u00f3 el trabajo de familiares, tutores y docentes por el acompa\u00f1amiento brindado, adem\u00e1s de reiterar que los estudiantes son un orgullo para Sonora, ya que representan la excelencia acad\u00e9mica y demuestran el futuro brillante de la entidad.<\/p>\n<p align=\"justify\">Los ganadores de cada lugar y categor\u00eda recibieron bocinas inteligentes, becas acad\u00e9micas, aud\u00edfonos y reconocimientos.<\/p>\n","protected":false},"excerpt":{"rendered":"<p>Cajeme, Sonora; 31 de marzo de 2025.- Alrededor de 200 estudiantes de bachillerato, provenientes de escuelas del sur de Sonora, participaron en la XX Olimpiada Regional del Conocimiento, en las modalidades de Ciencias B\u00e1sicas y Econ\u00f3mico-Administrativas, inform\u00f3 Margarita V\u00e9lez de la Rocha. La directora general del Itesca manifest\u00f3 que el objetivo es reconocer e incentivar [&hellip;]<\/p>\n","protected":false},"author":2,"featured_media":213506,"comment_status":"closed","ping_status":"closed","sticky":false,"template":"","format":"standard","meta":{"footnotes":""},"categories":[12870,174],"tags":[12865,12873],"class_list":["post-213505","post","type-post","status-publish","format-standard","has-post-thumbnail","hentry","category-destacadas","category-estatal","tag-destacadas","tag-estatal"],"jetpack_featured_media_url":"https:\/\/rnoticias.com.mx\/Portal\/wp-content\/uploads\/2025\/03\/unnamed-1-52.jpg","amp_enabled":true,"_links":{"self":[{"href":"https:\/\/rnoticias.com.mx\/Portal\/wp-json\/wp\/v2\/posts\/213505","targetHints":{"allow":["GET"]}}],"collection":[{"href":"https:\/\/rnoticias.com.mx\/Portal\/wp-json\/wp\/v2\/posts"}],"about":[{"href":"https:\/\/rnoticias.com.mx\/Portal\/wp-json\/wp\/v2\/types\/post"}],"author":[{"embeddable":true,"href":"https:\/\/rnoticias.com.mx\/Portal\/wp-json\/wp\/v2\/users\/2"}],"replies":[{"embeddable":true,"href":"https:\/\/rnoticias.com.mx\/Portal\/wp-json\/wp\/v2\/comments?post=213505"}],"version-history":[{"count":1,"href":"https:\/\/rnoticias.com.mx\/Portal\/wp-json\/wp\/v2\/posts\/213505\/revisions"}],"predecessor-version":[{"id":213507,"href":"https:\/\/rnoticias.com.mx\/Portal\/wp-json\/wp\/v2\/posts\/213505\/revisions\/213507"}],"wp:featuredmedia":[{"embeddable":true,"href":"https:\/\/rnoticias.com.mx\/Portal\/wp-json\/wp\/v2\/media\/213506"}],"wp:attachment":[{"href":"https:\/\/rnoticias.com.mx\/Portal\/wp-json\/wp\/v2\/media?parent=213505"}],"wp:term":[{"taxonomy":"category","embeddable":true,"href":"https:\/\/rnoticias.com.mx\/Portal\/wp-json\/wp\/v2\/categories?post=213505"},{"taxonomy":"post_tag","embeddable":true,"href":"https:\/\/rnoticias.com.mx\/Portal\/wp-json\/wp\/v2\/tags?post=213505"}],"curies":[{"name":"wp","href":"https:\/\/api.w.org\/{rel}","templated":true}]}}