{"id":213502,"date":"2025-03-31T23:30:18","date_gmt":"2025-03-31T23:30:18","guid":{"rendered":"https:\/\/rnoticias.com.mx\/Portal\/?p=213502"},"modified":"2025-03-31T23:30:18","modified_gmt":"2025-03-31T23:30:18","slug":"gobierno-de-sonora-reconoce-a-mujeres-destacadas-con-el-premio-mujer-ues-2025","status":"publish","type":"post","link":"https:\/\/rnoticias.com.mx\/Portal\/2025\/03\/31\/gobierno-de-sonora-reconoce-a-mujeres-destacadas-con-el-premio-mujer-ues-2025\/","title":{"rendered":"Gobierno de Sonora reconoce a mujeres destacadas con el Premio Mujer UES 2025"},"content":{"rendered":"<p align=\"left\">Hermosillo, Sonora; 31 de marzo de 2025.- El Gobierno de Sonora, a trav\u00e9s de la Universidad Estatal de Sonora (UES), reconoci\u00f3 a mujeres con destacada trayectoria que han dejado huella en sus respectivas \u00e1reas de desempe\u00f1o, a trav\u00e9s del Premio Mujer UES 2025.<\/p>\n<p align=\"left\">\n<p align=\"left\">Este galard\u00f3n, promovido por la rectora Martha Patricia Pati\u00f1o Fierro, tiene como objetivo visibilizar el liderazgo, impacto social y contribuci\u00f3n profesional de mujeres que, desde distintos \u00e1mbitos, generan un cambio positivo en la comunidad.<\/p>\n<p align=\"left\">\n<p align=\"left\">Pati\u00f1o Fierro destac\u00f3 la importancia de reconocer a las mujeres que, con su esfuerzo y dedicaci\u00f3n, inspiran a las nuevas generaciones y abren camino para la igualdad de oportunidades en la sociedad.<\/p>\n<p align=\"left\">\n<p align=\"left\">En esta primera edici\u00f3n, el Premio Mujer UES 2025 reconoci\u00f3 a mujeres en cuatro categor\u00edas: en Investigaci\u00f3n, Martha Elisa Rivas Vega; en el \u00e1mbito Empresarial, Rosalina Jaime Meuly; como Promesa, Wendy Paulina Anaya Ter\u00e1n; y en Deporte, Karla Viviana Ortiz Petterson, todas ellas reconocidas por su trayectoria y aportaciones.<\/p>\n<p align=\"left\">\n<p align=\"left\">Estuvo presente la titular de la Secretar\u00eda de las Mujeres de Sonora, Sheila Hern\u00e1ndez Alcar\u00e1z, quien reiter\u00f3 el compromiso del Gobierno de Sonora con la equidad de g\u00e9nero y el empoderamiento femenino, adem\u00e1s de reconocer la iniciativa de la UES para distinguir a sus mujeres destacadas.<\/p>\n","protected":false},"excerpt":{"rendered":"<p>Hermosillo, Sonora; 31 de marzo de 2025.- El Gobierno de Sonora, a trav\u00e9s de la Universidad Estatal de Sonora (UES), reconoci\u00f3 a mujeres con destacada trayectoria que han dejado huella en sus respectivas \u00e1reas de desempe\u00f1o, a trav\u00e9s del Premio Mujer UES 2025. Este galard\u00f3n, promovido por la rectora Martha Patricia Pati\u00f1o Fierro, tiene como [&hellip;]<\/p>\n","protected":false},"author":2,"featured_media":213503,"comment_status":"closed","ping_status":"closed","sticky":false,"template":"","format":"standard","meta":{"footnotes":""},"categories":[12870,178],"tags":[12865,12869],"class_list":["post-213502","post","type-post","status-publish","format-standard","has-post-thumbnail","hentry","category-destacadas","category-local","tag-destacadas","tag-local"],"jetpack_featured_media_url":"https:\/\/rnoticias.com.mx\/Portal\/wp-content\/uploads\/2025\/03\/unnamed-112.jpg","amp_enabled":true,"_links":{"self":[{"href":"https:\/\/rnoticias.com.mx\/Portal\/wp-json\/wp\/v2\/posts\/213502","targetHints":{"allow":["GET"]}}],"collection":[{"href":"https:\/\/rnoticias.com.mx\/Portal\/wp-json\/wp\/v2\/posts"}],"about":[{"href":"https:\/\/rnoticias.com.mx\/Portal\/wp-json\/wp\/v2\/types\/post"}],"author":[{"embeddable":true,"href":"https:\/\/rnoticias.com.mx\/Portal\/wp-json\/wp\/v2\/users\/2"}],"replies":[{"embeddable":true,"href":"https:\/\/rnoticias.com.mx\/Portal\/wp-json\/wp\/v2\/comments?post=213502"}],"version-history":[{"count":1,"href":"https:\/\/rnoticias.com.mx\/Portal\/wp-json\/wp\/v2\/posts\/213502\/revisions"}],"predecessor-version":[{"id":213504,"href":"https:\/\/rnoticias.com.mx\/Portal\/wp-json\/wp\/v2\/posts\/213502\/revisions\/213504"}],"wp:featuredmedia":[{"embeddable":true,"href":"https:\/\/rnoticias.com.mx\/Portal\/wp-json\/wp\/v2\/media\/213503"}],"wp:attachment":[{"href":"https:\/\/rnoticias.com.mx\/Portal\/wp-json\/wp\/v2\/media?parent=213502"}],"wp:term":[{"taxonomy":"category","embeddable":true,"href":"https:\/\/rnoticias.com.mx\/Portal\/wp-json\/wp\/v2\/categories?post=213502"},{"taxonomy":"post_tag","embeddable":true,"href":"https:\/\/rnoticias.com.mx\/Portal\/wp-json\/wp\/v2\/tags?post=213502"}],"curies":[{"name":"wp","href":"https:\/\/api.w.org\/{rel}","templated":true}]}}