{"id":213496,"date":"2025-03-31T23:25:22","date_gmt":"2025-03-31T23:25:22","guid":{"rendered":"https:\/\/rnoticias.com.mx\/Portal\/?p=213496"},"modified":"2025-03-31T23:25:22","modified_gmt":"2025-03-31T23:25:22","slug":"sentencia-condenatoria-de-11-anos-y-9-meses-de-prision-por-violacion-y-violencia-familiar-en-caborca","status":"publish","type":"post","link":"https:\/\/rnoticias.com.mx\/Portal\/2025\/03\/31\/sentencia-condenatoria-de-11-anos-y-9-meses-de-prision-por-violacion-y-violencia-familiar-en-caborca\/","title":{"rendered":"Sentencia condenatoria de 11 a\u00f1os y 9 meses de prisi\u00f3n por violaci\u00f3n y violencia familiar en Caborca"},"content":{"rendered":"<p>Caborca, Sonora, 31 de marzo de 2025.- La Fiscal\u00eda General de Justicia del Estado de Sonora (FGJES) obtuvo una sentencia condenatoria para \u00d3scar Arturo \u201cN\u201d, de 28 a\u00f1os, por su responsabilidad de los delitos de violaci\u00f3n y violencia familiar, ambos en concurso real de delitos, cometidos en perjuicio de su ex pareja sentimental, tambi\u00e9n de 28 a\u00f1os.<\/p>\n<p>Durante audiencia intermedia el acusado acept\u00f3 su responsabilidad, por lo tanto, el Juez de Control resolvi\u00f3 la sentencia, imponiendo una pena total de 10 a\u00f1os y 3 meses de prisi\u00f3n mientras que, por el delito de violencia familiar, fue condenado a 1 a\u00f1o y 6 meses, para una pena global de 11 a\u00f1os y 9 meses.<\/p>\n<p>Los hechos ocurrieron el 13 de abril de 2024, en un domicilio ubicado en la colonia Santa Cecilia en Caborca, Sonora, seg\u00fan las investigaciones, el sentenciado durante una discusi\u00f3n, golpe\u00f3 el volante del autom\u00f3vil en el que ambos se encontraban, jal\u00f3 a la v\u00edctima del brazo y la oblig\u00f3 a ingresar al domicilio, pese a sus intentos de resistencia.<\/p>\n<p>Posteriormente, aproximadamente a las 23:00 horas del mismo d\u00eda, volvi\u00f3 a comportarse de manera agresiva, utilizando un cuchillo para amenazar a la v\u00edctima; durante este episodio, \u00d3scar Arturo \u201cN\u201d someti\u00f3 f\u00edsicamente a la f\u00e9mina, ejerciendo presi\u00f3n sobre su cuerpo y cuello, mientras le dec\u00eda frases intimidatorias y procedi\u00f3 a cometer el delito de violaci\u00f3n, haciendo uso de la fuerza y la intimidaci\u00f3n.<\/p>\n<p>Tras acreditar su responsabilidad en estos actos por medio de s\u00f3lidas pruebas, el se\u00f1alado admiti\u00f3 su culpa y se lleg\u00f3 a un procedimiento abreviado en el que se determin\u00f3 la sentencia global, misma que cumple en un Centro de Reinserci\u00f3n Social (CERESO).<\/p>\n<p>Este caso refrenda el compromiso de la FGJES con la procuraci\u00f3n de justicia en casos de violencia sexual y familiar, garantizando atenci\u00f3n integral a las v\u00edctimas.<\/p>\n","protected":false},"excerpt":{"rendered":"<p>Caborca, Sonora, 31 de marzo de 2025.- La Fiscal\u00eda General de Justicia del Estado de Sonora (FGJES) obtuvo una sentencia condenatoria para \u00d3scar Arturo \u201cN\u201d, de 28 a\u00f1os, por su responsabilidad de los delitos de violaci\u00f3n y violencia familiar, ambos en concurso real de delitos, cometidos en perjuicio de su ex pareja sentimental, tambi\u00e9n de [&hellip;]<\/p>\n","protected":false},"author":2,"featured_media":213497,"comment_status":"closed","ping_status":"closed","sticky":false,"template":"","format":"standard","meta":{"footnotes":""},"categories":[12870,174],"tags":[12865,12873],"class_list":["post-213496","post","type-post","status-publish","format-standard","has-post-thumbnail","hentry","category-destacadas","category-estatal","tag-destacadas","tag-estatal"],"jetpack_featured_media_url":"https:\/\/rnoticias.com.mx\/Portal\/wp-content\/uploads\/2025\/03\/5ef6a618-bcda-4544-9de3-9940e00893de.jpg","amp_enabled":true,"_links":{"self":[{"href":"https:\/\/rnoticias.com.mx\/Portal\/wp-json\/wp\/v2\/posts\/213496","targetHints":{"allow":["GET"]}}],"collection":[{"href":"https:\/\/rnoticias.com.mx\/Portal\/wp-json\/wp\/v2\/posts"}],"about":[{"href":"https:\/\/rnoticias.com.mx\/Portal\/wp-json\/wp\/v2\/types\/post"}],"author":[{"embeddable":true,"href":"https:\/\/rnoticias.com.mx\/Portal\/wp-json\/wp\/v2\/users\/2"}],"replies":[{"embeddable":true,"href":"https:\/\/rnoticias.com.mx\/Portal\/wp-json\/wp\/v2\/comments?post=213496"}],"version-history":[{"count":1,"href":"https:\/\/rnoticias.com.mx\/Portal\/wp-json\/wp\/v2\/posts\/213496\/revisions"}],"predecessor-version":[{"id":213498,"href":"https:\/\/rnoticias.com.mx\/Portal\/wp-json\/wp\/v2\/posts\/213496\/revisions\/213498"}],"wp:featuredmedia":[{"embeddable":true,"href":"https:\/\/rnoticias.com.mx\/Portal\/wp-json\/wp\/v2\/media\/213497"}],"wp:attachment":[{"href":"https:\/\/rnoticias.com.mx\/Portal\/wp-json\/wp\/v2\/media?parent=213496"}],"wp:term":[{"taxonomy":"category","embeddable":true,"href":"https:\/\/rnoticias.com.mx\/Portal\/wp-json\/wp\/v2\/categories?post=213496"},{"taxonomy":"post_tag","embeddable":true,"href":"https:\/\/rnoticias.com.mx\/Portal\/wp-json\/wp\/v2\/tags?post=213496"}],"curies":[{"name":"wp","href":"https:\/\/api.w.org\/{rel}","templated":true}]}}