{"id":213490,"date":"2025-03-31T22:13:45","date_gmt":"2025-03-31T22:13:45","guid":{"rendered":"https:\/\/rnoticias.com.mx\/Portal\/?p=213490"},"modified":"2025-03-31T22:13:45","modified_gmt":"2025-03-31T22:13:45","slug":"operativo-amic-defensa-en-sonoyta-deja-cuatro-detenidos-con-armas-de-fuego","status":"publish","type":"post","link":"https:\/\/rnoticias.com.mx\/Portal\/2025\/03\/31\/operativo-amic-defensa-en-sonoyta-deja-cuatro-detenidos-con-armas-de-fuego\/","title":{"rendered":"Operativo AMIC-DEFENSA en Sonoyta deja cuatro detenidos con armas de fuego"},"content":{"rendered":"<p>General Plutarco El\u00edas Calles, Sonora, 31 de marzo de 2025.- Como resultado de acciones coordinadas entre elementos de la Agencia Ministerial de Investigaci\u00f3n Criminal (AMIC) y la Secretar\u00eda de la Defensa Nacional (DEFENSA), fueron capturados cuatro sujetos en posesi\u00f3n de armas de fuego, un lanzagranadas y un veh\u00edculo, en hechos ocurridos en la colonia Hombres Blancos, en Sonoyta.<\/p>\n<p>El operativo se realiz\u00f3 el pasado 27 de marzo, cuando las fuerzas coordinadas efectuaban recorridos de vigilancia y reconocimiento en la zona, observando una camioneta Chevrolet Tahoe cuyo conductor aceler\u00f3 abruptamente al notar la presencia de seguridad.<\/p>\n<p>Tras una persecuci\u00f3n, los tripulantes del veh\u00edculo detuvieron su marcha afuera de un domicilio en la calle I, descendieron armados e ingresaron r\u00e1pidamente al inmueble, donde los agentes aseguraron en el interior a Norberto \u201cN\u201d, de 20 a\u00f1os, Francisco Ernesto \u201cN\u201d, de 50, Samuel Alan \u201cN\u201d, de 25, y Aldo Ren\u00e9 \u201cN\u201d, de 29.<\/p>\n<p>Dentro del domicilio fueron localizados dos fusiles de asalto AK-47, mientras que otro sujeto m\u00e1s fue sorprendido portando una pistola calibre .45 fajada en su cintura.<\/p>\n<p>En una revisi\u00f3n posterior del veh\u00edculo abandonado, se encontr\u00f3 un aditamento lanzagranadas, varios cargadores abastecidos para fusiles AK-47 y una placa bal\u00edstica, consolidando as\u00ed la relevancia del aseguramiento realizado.<\/p>\n<p>En total, fueron decomisados cinco fusiles de asalto AK-47, una pistola calibre .45, 28 cargadores abastecidos, un veh\u00edculo Chevrolet Tahoe modelo 2005, un lanzagranadas y una placa bal\u00edstica.<\/p>\n<p>Todos los detenidos y los indicios quedaron a disposici\u00f3n del Agente del Ministerio P\u00fablico Federal de la Delegaci\u00f3n Sonora de la Fiscal\u00eda General de la Rep\u00fablica (FGR).<\/p>\n<p>La Fiscal\u00eda General de Justicia del Estado de Sonora (FGJES) reitera su compromiso institucional de mantener operativos conjuntos constantes y eficaces para garantizar la seguridad y tranquilidad de los sonorenses.<\/p>\n","protected":false},"excerpt":{"rendered":"<p>General Plutarco El\u00edas Calles, Sonora, 31 de marzo de 2025.- Como resultado de acciones coordinadas entre elementos de la Agencia Ministerial de Investigaci\u00f3n Criminal (AMIC) y la Secretar\u00eda de la Defensa Nacional (DEFENSA), fueron capturados cuatro sujetos en posesi\u00f3n de armas de fuego, un lanzagranadas y un veh\u00edculo, en hechos ocurridos en la colonia Hombres [&hellip;]<\/p>\n","protected":false},"author":2,"featured_media":213491,"comment_status":"closed","ping_status":"closed","sticky":false,"template":"","format":"standard","meta":{"footnotes":""},"categories":[12870,174],"tags":[12865,12873],"class_list":["post-213490","post","type-post","status-publish","format-standard","has-post-thumbnail","hentry","category-destacadas","category-estatal","tag-destacadas","tag-estatal"],"jetpack_featured_media_url":"https:\/\/rnoticias.com.mx\/Portal\/wp-content\/uploads\/2025\/03\/e92bf5b0-ddfd-4983-85f8-b2bf3c742b95.jpg","amp_enabled":true,"_links":{"self":[{"href":"https:\/\/rnoticias.com.mx\/Portal\/wp-json\/wp\/v2\/posts\/213490","targetHints":{"allow":["GET"]}}],"collection":[{"href":"https:\/\/rnoticias.com.mx\/Portal\/wp-json\/wp\/v2\/posts"}],"about":[{"href":"https:\/\/rnoticias.com.mx\/Portal\/wp-json\/wp\/v2\/types\/post"}],"author":[{"embeddable":true,"href":"https:\/\/rnoticias.com.mx\/Portal\/wp-json\/wp\/v2\/users\/2"}],"replies":[{"embeddable":true,"href":"https:\/\/rnoticias.com.mx\/Portal\/wp-json\/wp\/v2\/comments?post=213490"}],"version-history":[{"count":1,"href":"https:\/\/rnoticias.com.mx\/Portal\/wp-json\/wp\/v2\/posts\/213490\/revisions"}],"predecessor-version":[{"id":213492,"href":"https:\/\/rnoticias.com.mx\/Portal\/wp-json\/wp\/v2\/posts\/213490\/revisions\/213492"}],"wp:featuredmedia":[{"embeddable":true,"href":"https:\/\/rnoticias.com.mx\/Portal\/wp-json\/wp\/v2\/media\/213491"}],"wp:attachment":[{"href":"https:\/\/rnoticias.com.mx\/Portal\/wp-json\/wp\/v2\/media?parent=213490"}],"wp:term":[{"taxonomy":"category","embeddable":true,"href":"https:\/\/rnoticias.com.mx\/Portal\/wp-json\/wp\/v2\/categories?post=213490"},{"taxonomy":"post_tag","embeddable":true,"href":"https:\/\/rnoticias.com.mx\/Portal\/wp-json\/wp\/v2\/tags?post=213490"}],"curies":[{"name":"wp","href":"https:\/\/api.w.org\/{rel}","templated":true}]}}