{"id":213457,"date":"2025-03-31T20:37:21","date_gmt":"2025-03-31T20:37:21","guid":{"rendered":"https:\/\/rnoticias.com.mx\/Portal\/?p=213457"},"modified":"2025-03-31T20:42:52","modified_gmt":"2025-03-31T20:42:52","slug":"aprueba-ine-criterios-para-garantizar-equidad-e-imparcialidad-en-campanas-y-veda-electoral-en-el-peepjf-2024-2025","status":"publish","type":"post","link":"https:\/\/rnoticias.com.mx\/Portal\/2025\/03\/31\/aprueba-ine-criterios-para-garantizar-equidad-e-imparcialidad-en-campanas-y-veda-electoral-en-el-peepjf-2024-2025\/","title":{"rendered":"Aprueba INE criterios para garantizar equidad e imparcialidad en campa\u00f1as y veda electoral en el PEEPJF 2024-2025"},"content":{"rendered":"<p class=\"x_MsoNormal\"><span data-olk-copy-source=\"MessageBody\">El Consejo General del Instituto Nacional Electoral (INE) aval\u00f3 los criterios para garantizar que las campa\u00f1as y la veda electoral del Proceso Electoral Extraordinario para la elecci\u00f3n de diversos cargos del Poder Judicial de la Federaci\u00f3n (PEEPJF) 2024-2025 se ajusten a los principios de imparcialidad y equidad.<\/span><\/p>\n<p class=\"x_MsoNormal\">Los criterios tienen como fin regular las obligaciones en materia de equidad de las personas servidoras p\u00fablicas candidatas y no candidatas, as\u00ed como de autoridades e instituciones p\u00fablicas. \u00c9stos se catalogan en los siguientes apartados:<\/p>\n<ol start=\"1\" type=\"A\">\n<li class=\"x_MsoNormal\">Participaci\u00f3n de personas servidoras p\u00fablicas en funciones que ostenten una candidatura<\/li>\n<li class=\"x_MsoNormal\">Participaci\u00f3n de personas ministras de culto<\/li>\n<li class=\"x_MsoNormal\">L\u00edmites normativos en la etapa de campa\u00f1a electoral, comprendida del 30 de marzo al 28 de mayo de 2025<\/li>\n<li class=\"x_MsoNormal\"><span lang=\"EN-US\">Modalidades y medios de participaci\u00f3n de las personas candidatas en Foros de Debate<\/span><\/li>\n<li class=\"x_MsoNormal\"><span lang=\"EN-US\">Veda electoral, que por definici\u00f3n legal son los 3 d\u00edas anteriores al 1 de junio, esto es, los d\u00edas 29, 30 y 31 de mayo de 2025.<\/span><\/li>\n<\/ol>\n<p class=\"x_MsoNormal\"><span lang=\"EN-US\">\u00a0<\/span><\/p>\n<p class=\"x_MsoNormal\">Cabe se\u00f1alar que l<span lang=\"ES\">a violaci\u00f3n a los criterios podr\u00e1 ser motivo de sanci\u00f3n, de conformidad con la\u00a0<\/span>Ley General de Instituciones y Procedimientos Electorales<span lang=\"ES\">\u00a0y la Ley General del Sistema de Medios de Impugnaci\u00f3n en Materia Electoral.<\/span><\/p>\n<p class=\"x_MsoNormal\"><b><i>\u00a0<\/i><\/b><\/p>\n<p class=\"x_MsoNormal\"><b><i>Avalan Marco Geogr\u00e1fico Electoral de cinco entidades<\/i><\/b><\/p>\n<p class=\"x_MsoNormal\"><b><i>\u00a0<\/i><\/b><\/p>\n<p class=\"x_MsoNormal\">En sesi\u00f3n extraordinaria, las consejer\u00edas del INE tambi\u00e9n aprobaron el Marco Geogr\u00e1fico Electoral para el Proceso Electoral Extraordinario del Poder Judicial 2024-2025 de los estados de Nayarit, Quintana Roo, Veracruz, Yucat\u00e1n y Zacatecas.<\/p>\n<p class=\"x_MsoNormal\">Mediante la aprobaci\u00f3n de estos marcos geogr\u00e1ficos electorales, se definen las demarcaciones territoriales para los comicios en cada una de estas entidades, lo cual\u00a0<span lang=\"ES\">dota de certeza a las candidaturas y a la ciudadan\u00eda.\u00a0\u00a0\u00a0<\/span><\/p>\n<p class=\"x_MsoNormal\"><span lang=\"ES\">\u00a0\u00a0\u00a0<\/span><\/p>\n<p class=\"x_MsoNormal\">Asimismo, se dio por recibido el Informe sobre el desarrollo del procedimiento para la acreditaci\u00f3n de la ciudadan\u00eda interesada en participar como Observadora Electoral en el PEEPJF 2024-2025 y se aprob\u00f3 el Plan de difusi\u00f3n para los promocionales sobre las candidaturas del mismo proceso electoral, en acatamiento a la sentencia dictada por la Sala Superior del Tribunal Electoral del Poder Judicial de la Federaci\u00f3n (TEPJF).<\/p>\n<p class=\"x_MsoNormal\">Finalmente, se aval\u00f3 modificar los Lineamientos para la Fiscalizaci\u00f3n de los Procesos Electorales del Poder Judicial, Federal y Locales, en cumplimiento a la sentencia dictada por la Sala Superior del TEPJF y se dio respuesta a las consultas de personas candidatas del Poder Judicial que ampl\u00edan el cat\u00e1logo de sanciones en materia de cancelaci\u00f3n de registros.<\/p>\n","protected":false},"excerpt":{"rendered":"<p>El Consejo General del Instituto Nacional Electoral (INE) aval\u00f3 los criterios para garantizar que las campa\u00f1as y la veda electoral del Proceso Electoral Extraordinario para la elecci\u00f3n de diversos cargos del Poder Judicial de la Federaci\u00f3n (PEEPJF) 2024-2025 se ajusten a los principios de imparcialidad y equidad. Los criterios tienen como fin regular las obligaciones [&hellip;]<\/p>\n","protected":false},"author":2,"featured_media":213458,"comment_status":"closed","ping_status":"closed","sticky":false,"template":"","format":"standard","meta":{"footnotes":""},"categories":[12870,172],"tags":[12865,12874],"class_list":["post-213457","post","type-post","status-publish","format-standard","has-post-thumbnail","hentry","category-destacadas","category-nacional","tag-destacadas","tag-nacional"],"jetpack_featured_media_url":"https:\/\/rnoticias.com.mx\/Portal\/wp-content\/uploads\/2025\/03\/SESION-EXTRAORDINARIA-URGENTE-DEL-CG-DEL-INE-29-DE-MARZO-DE-2025_1.jpeg.png","amp_enabled":true,"_links":{"self":[{"href":"https:\/\/rnoticias.com.mx\/Portal\/wp-json\/wp\/v2\/posts\/213457","targetHints":{"allow":["GET"]}}],"collection":[{"href":"https:\/\/rnoticias.com.mx\/Portal\/wp-json\/wp\/v2\/posts"}],"about":[{"href":"https:\/\/rnoticias.com.mx\/Portal\/wp-json\/wp\/v2\/types\/post"}],"author":[{"embeddable":true,"href":"https:\/\/rnoticias.com.mx\/Portal\/wp-json\/wp\/v2\/users\/2"}],"replies":[{"embeddable":true,"href":"https:\/\/rnoticias.com.mx\/Portal\/wp-json\/wp\/v2\/comments?post=213457"}],"version-history":[{"count":2,"href":"https:\/\/rnoticias.com.mx\/Portal\/wp-json\/wp\/v2\/posts\/213457\/revisions"}],"predecessor-version":[{"id":213461,"href":"https:\/\/rnoticias.com.mx\/Portal\/wp-json\/wp\/v2\/posts\/213457\/revisions\/213461"}],"wp:featuredmedia":[{"embeddable":true,"href":"https:\/\/rnoticias.com.mx\/Portal\/wp-json\/wp\/v2\/media\/213458"}],"wp:attachment":[{"href":"https:\/\/rnoticias.com.mx\/Portal\/wp-json\/wp\/v2\/media?parent=213457"}],"wp:term":[{"taxonomy":"category","embeddable":true,"href":"https:\/\/rnoticias.com.mx\/Portal\/wp-json\/wp\/v2\/categories?post=213457"},{"taxonomy":"post_tag","embeddable":true,"href":"https:\/\/rnoticias.com.mx\/Portal\/wp-json\/wp\/v2\/tags?post=213457"}],"curies":[{"name":"wp","href":"https:\/\/api.w.org\/{rel}","templated":true}]}}