{"id":213451,"date":"2025-03-31T20:04:26","date_gmt":"2025-03-31T20:04:26","guid":{"rendered":"https:\/\/rnoticias.com.mx\/Portal\/?p=213451"},"modified":"2025-03-31T20:04:26","modified_gmt":"2025-03-31T20:04:26","slug":"belinda-sorprende-a-shakira-en-el-septimo-concierto-de-la-cantante-colombiana-en-mexico","status":"publish","type":"post","link":"https:\/\/rnoticias.com.mx\/Portal\/2025\/03\/31\/belinda-sorprende-a-shakira-en-el-septimo-concierto-de-la-cantante-colombiana-en-mexico\/","title":{"rendered":"Belinda sorprende a Shakira en el s\u00e9ptimo concierto de la cantante colombiana en M\u00e9xico"},"content":{"rendered":"<p>El cierre de la primera fase de conciertos de\u00a0<strong>Shakira en M\u00e9xico<\/strong>, como parte de su gira\u00a0<strong>\u201cLas mujeres ya no lloran World Tour\u201d,<\/strong>\u00a0estuvo lleno de emociones y momentos memorables. Entre los cuales sobresali\u00f3 la presencia de Belinda, quien sorprendi\u00f3 a la cantante colombiana con un enorme ramo de flores.<\/p>\n<p>En el peque\u00f1o video que se ha viralizado por redes sociales, se observa que el gesto fue recibido con entusiasmo por Shakira, quien extern\u00f3 su agradecimiento con un abrazo, adem\u00e1s de compartir unas palabras con Belinda.<\/p>\n<p>El detalle de la espa\u00f1ola con la int\u00e9rprete colombiana resalt\u00f3 la importancia de la solidaridad y el apoyo entre las artistas, dado que su reencuentro muestra la admiraci\u00f3n y respeto mutuo que existe entre ellas.<\/p>\n<p>Asimismo, trascendi\u00f3 que Belinda disfrut\u00f3 del concierto coreando sus canciones y mostrando su apoyo incondicional. Las artistas ya hab\u00edan interactuado en otros eventos, como la fiesta de lanzamiento del sencillo \u201cSoltera\u201d de Shakira en Miami, donde compartieron momentos de diversi\u00f3n con otras famosas.<\/p>\n<p>De esta manera, Shakira contin\u00faa disfrutando del rotundo \u00e9xito de sus espect\u00e1culos en M\u00e9xico, dado que logr\u00f3 llenar el Estadio GNP Seguros en siete ocasiones consecutivas, rompiendo r\u00e9cords y reafirmando su conexi\u00f3n con el p\u00fablico mexicano, haciendo de este evento una experiencia inolvidable.<\/p>\n<p>Por ahora, Shakira continuar\u00e1 con su tour en otras partes del mundo, aunque volver\u00e1 a M\u00e9xico a finales del mes de agosto para cumplir con las nuevas fechas que anunci\u00f3 en d\u00edas pasados, mientras Belinda sigue destac\u00e1ndose en la m\u00fasica y el entretenimiento.<\/p>\n<p>La\u00a0<strong>reuni\u00f3n de estas dos estrellas de talla internacional ha sido tomada como ejemplo de inspirarse solidariamente y celebrar sus logros en un ambiente de apoyo y colaboraci\u00f3n.<\/strong><\/p>\n<p>&nbsp;<\/p>\n<p>Agencia M\u00e9xico<\/p>\n","protected":false},"excerpt":{"rendered":"<p>El cierre de la primera fase de conciertos de\u00a0Shakira en M\u00e9xico, como parte de su gira\u00a0\u201cLas mujeres ya no lloran World Tour\u201d,\u00a0estuvo lleno de emociones y momentos memorables. Entre los cuales sobresali\u00f3 la presencia de Belinda, quien sorprendi\u00f3 a la cantante colombiana con un enorme ramo de flores. En el peque\u00f1o video que se ha [&hellip;]<\/p>\n","protected":false},"author":2,"featured_media":213452,"comment_status":"closed","ping_status":"closed","sticky":false,"template":"","format":"standard","meta":{"footnotes":""},"categories":[12870,219],"tags":[12865,12875],"class_list":["post-213451","post","type-post","status-publish","format-standard","has-post-thumbnail","hentry","category-destacadas","category-espectaculos","tag-destacadas","tag-espectaculos"],"jetpack_featured_media_url":"https:\/\/rnoticias.com.mx\/Portal\/wp-content\/uploads\/2025\/03\/shakira_belinda.webp","amp_enabled":true,"_links":{"self":[{"href":"https:\/\/rnoticias.com.mx\/Portal\/wp-json\/wp\/v2\/posts\/213451","targetHints":{"allow":["GET"]}}],"collection":[{"href":"https:\/\/rnoticias.com.mx\/Portal\/wp-json\/wp\/v2\/posts"}],"about":[{"href":"https:\/\/rnoticias.com.mx\/Portal\/wp-json\/wp\/v2\/types\/post"}],"author":[{"embeddable":true,"href":"https:\/\/rnoticias.com.mx\/Portal\/wp-json\/wp\/v2\/users\/2"}],"replies":[{"embeddable":true,"href":"https:\/\/rnoticias.com.mx\/Portal\/wp-json\/wp\/v2\/comments?post=213451"}],"version-history":[{"count":1,"href":"https:\/\/rnoticias.com.mx\/Portal\/wp-json\/wp\/v2\/posts\/213451\/revisions"}],"predecessor-version":[{"id":213453,"href":"https:\/\/rnoticias.com.mx\/Portal\/wp-json\/wp\/v2\/posts\/213451\/revisions\/213453"}],"wp:featuredmedia":[{"embeddable":true,"href":"https:\/\/rnoticias.com.mx\/Portal\/wp-json\/wp\/v2\/media\/213452"}],"wp:attachment":[{"href":"https:\/\/rnoticias.com.mx\/Portal\/wp-json\/wp\/v2\/media?parent=213451"}],"wp:term":[{"taxonomy":"category","embeddable":true,"href":"https:\/\/rnoticias.com.mx\/Portal\/wp-json\/wp\/v2\/categories?post=213451"},{"taxonomy":"post_tag","embeddable":true,"href":"https:\/\/rnoticias.com.mx\/Portal\/wp-json\/wp\/v2\/tags?post=213451"}],"curies":[{"name":"wp","href":"https:\/\/api.w.org\/{rel}","templated":true}]}}