{"id":213424,"date":"2025-03-31T18:35:57","date_gmt":"2025-03-31T18:35:57","guid":{"rendered":"https:\/\/rnoticias.com.mx\/Portal\/?p=213424"},"modified":"2025-03-31T18:35:57","modified_gmt":"2025-03-31T18:35:57","slug":"marco-verde-sera-la-proxima-cara-del-boxeo-mexicano-canelo-alvarez","status":"publish","type":"post","link":"https:\/\/rnoticias.com.mx\/Portal\/2025\/03\/31\/marco-verde-sera-la-proxima-cara-del-boxeo-mexicano-canelo-alvarez\/","title":{"rendered":"Marco Verde ser\u00e1 la pr\u00f3xima cara del boxeo mexicano: Canelo \u00c1lvarez"},"content":{"rendered":"<p><strong>Sa\u00fal &#8220;Canelo&#8221; \u00c1lvarez,<\/strong><mark>\u00a0m\u00e1ximo referente del boxeo mexicano en la actualidad,<\/mark>\u00a0ha dejado claro qui\u00e9n, seg\u00fan su criterio, est\u00e1 destinado a dominar el boxeo nacional en el futuro. El tapat\u00edo no tiene dudas y ha elegido a un joven talento que forma parte de su equipo, lo que refuerza su confianza en su potencial.<\/p>\n<h3>Canelo \u00c1lvarez revela qui\u00e9n podr\u00eda ser su sucesor<\/h3>\n<p><mark>El posible sucesor que Canelo \u00c1lvarez ha puesto sobre la mesa es el de Marco Verde.<\/mark>\u00a0Con apenas 23 a\u00f1os, este boxeador se ha convertido en una \u201cjoven promesa\u201d del pugilismo\u00a0<strong>tras obtener la medalla de plata en los Juegos Ol\u00edmpicos de Par\u00eds 2024,\u00a0<\/strong>en septiembre del a\u00f1o pasado. Tras este significativo triunfo,<strong>\u00a0su carrera ha estado bajo la lupa y ahora se encuentra a punto de dar un importante salto profesional.<\/strong><\/p>\n<p>&#8220;Sabes, hay muchos peleadores j\u00f3venes por ah\u00ed, pero el m\u00e1s probable ahora mismo es Marco Verde.\u00a0<strong><u>Marco va a ser uno de los mejores peleadores emergentes de M\u00e9xico&#8221;, expres\u00f3 Canelo<\/u><\/strong>\u00a0en una entrevista con el medio especializado Fight Hype.<\/p>\n<h3>Marco Verde y su debut en el profesionalismo<\/h3>\n<p><strong>Verde tendr\u00e1 su debut en el boxeo profesional en un evento de gran magnitud:\u00a0<\/strong><mark>compartir\u00e1 cartelera con<strong>\u00a0Canelo \u00c1lvarez\u00a0<\/strong>el pr\u00f3ximo s\u00e1bado 3 de mayo en Arabia Saudita<\/mark>, donde enfrentar\u00e1 a Michel Polina. Este primer combate profesional podr\u00eda ser determinante para confirmar las expectativas que se han generado en torno a \u00e9l y reforzar la confianza que \u00c1lvarez ha depositado en su talento.<\/p>\n<p><strong>Actualmente, no hay un nombre joven que deslumbre en la escena del boxeo mexicano,<\/strong>\u00a0lo que hace que las palabras de Canelo cobren mayor relevancia. Con su amplia experiencia en el ring y su conocimiento del deporte,<strong>\u00a0su elecci\u00f3n de Marco Verde como el futuro rostro del boxeo nacional no es casualidad<\/strong>. Ahora, solo queda ver si Verde logra responder a las expectativas y consolidarse como la gran promesa que el campe\u00f3n tapat\u00edo augura.<\/p>\n","protected":false},"excerpt":{"rendered":"<p>Sa\u00fal &#8220;Canelo&#8221; \u00c1lvarez,\u00a0m\u00e1ximo referente del boxeo mexicano en la actualidad,\u00a0ha dejado claro qui\u00e9n, seg\u00fan su criterio, est\u00e1 destinado a dominar el boxeo nacional en el futuro. El tapat\u00edo no tiene dudas y ha elegido a un joven talento que forma parte de su equipo, lo que refuerza su confianza en su potencial. Canelo \u00c1lvarez revela [&hellip;]<\/p>\n","protected":false},"author":2,"featured_media":213425,"comment_status":"closed","ping_status":"closed","sticky":false,"template":"","format":"standard","meta":{"footnotes":""},"categories":[188,12870],"tags":[5231,12865],"class_list":["post-213424","post","type-post","status-publish","format-standard","has-post-thumbnail","hentry","category-deportes","category-destacadas","tag-deportes","tag-destacadas"],"jetpack_featured_media_url":"https:\/\/rnoticias.com.mx\/Portal\/wp-content\/uploads\/2025\/03\/imagen-canelo-marco-verde_1-9791290_20250329110221.webp","amp_enabled":true,"_links":{"self":[{"href":"https:\/\/rnoticias.com.mx\/Portal\/wp-json\/wp\/v2\/posts\/213424","targetHints":{"allow":["GET"]}}],"collection":[{"href":"https:\/\/rnoticias.com.mx\/Portal\/wp-json\/wp\/v2\/posts"}],"about":[{"href":"https:\/\/rnoticias.com.mx\/Portal\/wp-json\/wp\/v2\/types\/post"}],"author":[{"embeddable":true,"href":"https:\/\/rnoticias.com.mx\/Portal\/wp-json\/wp\/v2\/users\/2"}],"replies":[{"embeddable":true,"href":"https:\/\/rnoticias.com.mx\/Portal\/wp-json\/wp\/v2\/comments?post=213424"}],"version-history":[{"count":1,"href":"https:\/\/rnoticias.com.mx\/Portal\/wp-json\/wp\/v2\/posts\/213424\/revisions"}],"predecessor-version":[{"id":213426,"href":"https:\/\/rnoticias.com.mx\/Portal\/wp-json\/wp\/v2\/posts\/213424\/revisions\/213426"}],"wp:featuredmedia":[{"embeddable":true,"href":"https:\/\/rnoticias.com.mx\/Portal\/wp-json\/wp\/v2\/media\/213425"}],"wp:attachment":[{"href":"https:\/\/rnoticias.com.mx\/Portal\/wp-json\/wp\/v2\/media?parent=213424"}],"wp:term":[{"taxonomy":"category","embeddable":true,"href":"https:\/\/rnoticias.com.mx\/Portal\/wp-json\/wp\/v2\/categories?post=213424"},{"taxonomy":"post_tag","embeddable":true,"href":"https:\/\/rnoticias.com.mx\/Portal\/wp-json\/wp\/v2\/tags?post=213424"}],"curies":[{"name":"wp","href":"https:\/\/api.w.org\/{rel}","templated":true}]}}