{"id":213313,"date":"2025-03-30T04:44:16","date_gmt":"2025-03-30T04:44:16","guid":{"rendered":"https:\/\/rnoticias.com.mx\/Portal\/?p=213313"},"modified":"2025-03-30T04:44:16","modified_gmt":"2025-03-30T04:44:16","slug":"grupo-firme-retomara-su-gira-despues-de-cancelarla-por-recibir-amenazas","status":"publish","type":"post","link":"https:\/\/rnoticias.com.mx\/Portal\/2025\/03\/30\/grupo-firme-retomara-su-gira-despues-de-cancelarla-por-recibir-amenazas\/","title":{"rendered":"Grupo Firme retomar\u00e1 su gira despu\u00e9s de cancelarla por recibir amenazas"},"content":{"rendered":"<p>A pesar de las\u00a0<strong>recientes amenazas que lo obligaron a cancelar su presentaci\u00f3n en el Carnaval de Mazatl\u00e1n<\/strong>,\u00a0<mark>Eduin Caz ha confirmado que s\u00ed se presentar\u00e1 en Tijuana, Baja California, el pr\u00f3ximo 12 de abril.<\/mark><\/p>\n<p>El l\u00edder de Grupo Firme<strong>\u00a0reafirm\u00f3 su compromiso con los fans durante una conferencia de prensa<\/strong>, donde dej\u00f3 claro que su tour \u201cLa \u00daltima Peda 2025\u201d<mark>\u00a0contin\u00faa seg\u00fan lo planeado. \u201cNo hay marcha atr\u00e1s\u201d,<\/mark>\u00a0asegur\u00f3, haciendo un llamado a sus seguidores para que lo acompa\u00f1en en esta fecha tan esperada.<\/p>\n<p>El int\u00e9rprete de &#8220;El t\u00f3xico&#8221; destac\u00f3 que<mark>\u00a0el gobierno est\u00e1 tomando medidas para garantizar la seguridad\u00a0<\/mark><br \/>\n<mark>del espect\u00e1culo en el Estadio Caliente:<\/mark>\u00a0&#8220;Aqu\u00ed no hay vuelta atr\u00e1s&#8221;, afirm\u00f3.<\/p>\n<p>Confiado en que el recinto se llenar\u00e1,\u00a0<strong>Caz se\u00f1al\u00f3 que no tienen conflictos con grupos delictivos:<\/strong>\u00a0&#8220;No es algo que nos incumba, fuimos parte de algo que nos alcanz\u00f3, pero nosotros no debemos nada ni nada&#8221;, declar\u00f3 a medios locales.<\/p>\n<p>Adem\u00e1s el cantante reconoci\u00f3 que\u00a0<strong>en su momento sintieron temor, pero ahora est\u00e1n tranquilos:\u00a0<\/strong>&#8220;Ahorita nos re\u00edmos, en su momento s\u00ed, no te voy a echar mentiras,\u00a0<mark>s\u00ed nos asustamos un poquito, fue como un balde de agua fr\u00eda, pero ya ahorita estamos iniciando con el pie derecho<\/mark>. El Estadio Caliente lo vamos a ver lleno, primero Dios&#8221;.<\/p>\n<p>Hace un mes, se viralizaron im\u00e1genes\u00a0<strong>de una manta en Tijuana con un mensaje intimidante\u00a0<\/strong>en el puente La Gloria, advirtiendo que no deb\u00edan presentarse en el Carnaval de Mazatl\u00e1n.<\/p>\n<p>Los integrantes de Grupo Firme han dejado claro que<strong>\u00a0su m\u00fasica no est\u00e1 vinculada a ning\u00fan grupo criminal y que fueron utilizados como blanco<\/strong>\u00a0para generar atenci\u00f3n medi\u00e1tica.<\/p>\n<p>Hasta la fecha,<mark>\u00a0las autoridades han detenido a cuatro sospechosos relacionados con el caso, y la investigaci\u00f3n sigue en curso,<\/mark>\u00a0seg\u00fan revel\u00f3 Eduin.\u00a0<strong>Grupo Firme tambi\u00e9n tiene programado un concierto en la Ciudad de M\u00e9xico el 28 de junio de 2025.<\/strong><\/p>\n","protected":false},"excerpt":{"rendered":"<p>A pesar de las\u00a0recientes amenazas que lo obligaron a cancelar su presentaci\u00f3n en el Carnaval de Mazatl\u00e1n,\u00a0Eduin Caz ha confirmado que s\u00ed se presentar\u00e1 en Tijuana, Baja California, el pr\u00f3ximo 12 de abril. El l\u00edder de Grupo Firme\u00a0reafirm\u00f3 su compromiso con los fans durante una conferencia de prensa, donde dej\u00f3 claro que su tour \u201cLa [&hellip;]<\/p>\n","protected":false},"author":2,"featured_media":213314,"comment_status":"closed","ping_status":"closed","sticky":false,"template":"","format":"standard","meta":{"footnotes":""},"categories":[12870,219],"tags":[12865,12875],"class_list":["post-213313","post","type-post","status-publish","format-standard","has-post-thumbnail","hentry","category-destacadas","category-espectaculos","tag-destacadas","tag-espectaculos"],"jetpack_featured_media_url":"https:\/\/rnoticias.com.mx\/Portal\/wp-content\/uploads\/2025\/03\/descarga.png","amp_enabled":true,"_links":{"self":[{"href":"https:\/\/rnoticias.com.mx\/Portal\/wp-json\/wp\/v2\/posts\/213313","targetHints":{"allow":["GET"]}}],"collection":[{"href":"https:\/\/rnoticias.com.mx\/Portal\/wp-json\/wp\/v2\/posts"}],"about":[{"href":"https:\/\/rnoticias.com.mx\/Portal\/wp-json\/wp\/v2\/types\/post"}],"author":[{"embeddable":true,"href":"https:\/\/rnoticias.com.mx\/Portal\/wp-json\/wp\/v2\/users\/2"}],"replies":[{"embeddable":true,"href":"https:\/\/rnoticias.com.mx\/Portal\/wp-json\/wp\/v2\/comments?post=213313"}],"version-history":[{"count":1,"href":"https:\/\/rnoticias.com.mx\/Portal\/wp-json\/wp\/v2\/posts\/213313\/revisions"}],"predecessor-version":[{"id":213315,"href":"https:\/\/rnoticias.com.mx\/Portal\/wp-json\/wp\/v2\/posts\/213313\/revisions\/213315"}],"wp:featuredmedia":[{"embeddable":true,"href":"https:\/\/rnoticias.com.mx\/Portal\/wp-json\/wp\/v2\/media\/213314"}],"wp:attachment":[{"href":"https:\/\/rnoticias.com.mx\/Portal\/wp-json\/wp\/v2\/media?parent=213313"}],"wp:term":[{"taxonomy":"category","embeddable":true,"href":"https:\/\/rnoticias.com.mx\/Portal\/wp-json\/wp\/v2\/categories?post=213313"},{"taxonomy":"post_tag","embeddable":true,"href":"https:\/\/rnoticias.com.mx\/Portal\/wp-json\/wp\/v2\/tags?post=213313"}],"curies":[{"name":"wp","href":"https:\/\/api.w.org\/{rel}","templated":true}]}}